{"id":160659,"date":"2025-11-22T00:14:23","date_gmt":"2025-11-22T00:14:23","guid":{"rendered":"https:\/\/www.europesays.com\/pt\/160659\/"},"modified":"2025-11-22T00:14:23","modified_gmt":"2025-11-22T00:14:23","slug":"estou-totalmente-arruinado-homem-investiu-35-000e-num-negocio-proprio-e-agora-sente-se-engolido-pela-pressao-financeira","status":"publish","type":"post","link":"https:\/\/www.europesays.com\/pt\/160659\/","title":{"rendered":"&#8220;Estou totalmente arruinado&#8221;: homem investiu 35.000\u20ac num neg\u00f3cio pr\u00f3prio e agora sente-se &#8216;engolido&#8217; pela press\u00e3o financeira"},"content":{"rendered":"<p><strong>A realidade dif\u00edcil enfrentada por muitos pequenos empres\u00e1rios da restaura\u00e7\u00e3o \u00e9 evidente e, neste caso, \u00e9 ilustrada pelo caso de Javier, um trabalhador independente espanhol que investiu num neg\u00f3cio pr\u00f3prio, neste caso um bar, e acabou numa situa\u00e7\u00e3o de ru\u00edna financeira. Este cen\u00e1rio, cada vez mais comum, mostra como um neg\u00f3cio aparentemente simples pode transformar-se num enorme desafio econ\u00f3mico e pessoal.<\/strong><\/p>\n<p>Esta hist\u00f3ria de Javier, propriet\u00e1rio do \u201cPou Caf\u00e9 Tapes\u201d, ganhou destaque ap\u00f3s uma entrevista, citada pelo jornal digital espanhol Noticias Trabajo, onde descreveu de forma direta as dificuldades que enfrenta no dia a dia. Num pa\u00eds onde abrir um bar \u00e9 visto como um investimento frequente e, por vezes, at\u00e9 seguro, a experi\u00eancia deste empres\u00e1rio comprova que a realidade pode ser bastante diferente.<\/p>\n<p class=\"has-medium-font-size\"><strong>Come\u00e7ou o neg\u00f3cio otimista<\/strong><\/p>\n<p>Javier come\u00e7ou o projeto com entusiasmo e com um investimento que considerou razo\u00e1vel. Segundo o pr\u00f3prio, gastou cerca de 35 mil euros para arrancar com o neg\u00f3cio, acreditando que seria uma oportunidade equilibrada e ger\u00edvel. Com o passar do tempo, por\u00e9m, cada exig\u00eancia do setor acabou por transformar essa aposta inicial numa carga cada vez mais pesada.<\/p>\n<p>O empres\u00e1rio admite que a falta de experi\u00eancia contribuiu para alguns dos problemas enfrentados. Na sua zona, recebia clientes habituais, como funcion\u00e1rios de autarquias e bancos, mas n\u00e3o estava preparado para o ritmo exigente da restaura\u00e7\u00e3o, onde muitos clientes chegam com tempo contado e procuram rapidez e consist\u00eancia no servi\u00e7o.<\/p>\n<p class=\"has-medium-font-size\"><strong>Impossibilidade de contratar<\/strong><\/p>\n<p>Com dificuldades financeiras crescentes, Javier j\u00e1 n\u00e3o consegue contratar colaboradores, de acordo com a mesma fonte. A solu\u00e7\u00e3o tem passado pela ajuda da esposa e, por vezes, da nora. Mesmo assim, a carga de trabalho continua a ultrapassar qualquer limite razo\u00e1vel. O pr\u00f3prio explica que trabalha diariamente das sete da manh\u00e3 \u00e0s onze da noite, acumulando jornadas que o deixam f\u00edsica e emocionalmente exausto.<\/p>\n<p>A press\u00e3o financeira tornou-se uma presen\u00e7a constante e inquietante. Por v\u00e1rias vezes, Javier relata noites mal dormidas e horas passadas a pensar nas contas por pagar e na incapacidade de encontrar solu\u00e7\u00f5es imediatas. Desabafa que muitas vezes chega \u00e0s tr\u00eas ou quatro da manh\u00e3 sem conseguir descansar, preocupado com os compromissos do dia seguinte.<\/p>\n<p>Com poucas reservas econ\u00f3micas e poucas perspetivas de recupera\u00e7\u00e3o, a fam\u00edlia enfrenta um cen\u00e1rio que considera insustent\u00e1vel. Javier confessa n\u00e3o ter meios para continuar o neg\u00f3cio durante muito mais tempo e alerta que a restaura\u00e7\u00e3o, longe de ser uma f\u00f3rmula para enriquecer, exige sacrif\u00edcios constantes que muitos desconhecem antes de abrir portas.<\/p>\n<p class=\"has-medium-font-size\"><strong>Mensagem para quem quer come\u00e7ar neg\u00f3cio<\/strong><\/p>\n<p>A sua mensagem para quem pensa iniciar um neg\u00f3cio de restaura\u00e7\u00e3o \u00e9 clara. Segundo o propriet\u00e1rio, quem n\u00e3o tem experi\u00eancia no setor deveria reconsiderar a ideia, uma vez que as dificuldades ultrapassam, muitas vezes, a boa vontade ou o gosto por cozinhar. Refere ainda que, apesar de n\u00e3o compreender como outros estabelecimentos se mant\u00eam, ele pr\u00f3prio se encontra \u201cem ru\u00edna total\u201d.<\/p>\n<p>Mesmo perante tantas adversidades, Javier continua a tentar manter um sentido de justi\u00e7a para com os seus clientes, de acordo com o <a href=\"https:\/\/noticiastrabajo.huffingtonpost.es\/\" target=\"_blank\" rel=\"noreferrer noopener nofollow\">Noticias Trabajo<\/a>. Desde que abriu o bar, n\u00e3o alterou os pre\u00e7os do caf\u00e9 ou da cerveja, e mant\u00e9m os mesmos valores tanto na esplanada como ao balc\u00e3o. Justifica esta decis\u00e3o dizendo que compreende que nem todos os clientes t\u00eam possibilidade de suportar pre\u00e7os mais elevados e prefere manter um servi\u00e7o acess\u00edvel.<\/p>\n<p><strong>Leia tamb\u00e9m: <a href=\"https:\/\/postal.pt\/nacional\/adeus-reforma-uniao-europeia-confirma-que-so-garante-os-pagamentos-de-pensoes-ate-esta-data\/\" rel=\"nofollow noopener\" target=\"_blank\">Adeus reforma? Uni\u00e3o Europeia confirma que s\u00f3 garante os pagamentos de pens\u00f5es at\u00e9 esta data<\/a><\/strong><\/p>\n","protected":false},"excerpt":{"rendered":"A realidade dif\u00edcil enfrentada por muitos pequenos empres\u00e1rios da restaura\u00e7\u00e3o \u00e9 evidente e, neste caso, \u00e9 ilustrada pelo&hellip;\n","protected":false},"author":2,"featured_media":160660,"comment_status":"","ping_status":"","sticky":false,"template":"","format":"standard","meta":{"footnotes":""},"categories":[83],"tags":[88,89,90,32,33],"class_list":{"0":"post-160659","1":"post","2":"type-post","3":"status-publish","4":"format-standard","5":"has-post-thumbnail","7":"category-empresas","8":"tag-business","9":"tag-economy","10":"tag-empresas","11":"tag-portugal","12":"tag-pt"},"share_on_mastodon":{"url":"https:\/\/pubeurope.com\/@pt\/115590467632307369","error":""},"_links":{"self":[{"href":"https:\/\/www.europesays.com\/pt\/wp-json\/wp\/v2\/posts\/160659","targetHints":{"allow":["GET"]}}],"collection":[{"href":"https:\/\/www.europesays.com\/pt\/wp-json\/wp\/v2\/posts"}],"about":[{"href":"https:\/\/www.europesays.com\/pt\/wp-json\/wp\/v2\/types\/post"}],"author":[{"embeddable":true,"href":"https:\/\/www.europesays.com\/pt\/wp-json\/wp\/v2\/users\/2"}],"replies":[{"embeddable":true,"href":"https:\/\/www.europesays.com\/pt\/wp-json\/wp\/v2\/comments?post=160659"}],"version-history":[{"count":0,"href":"https:\/\/www.europesays.com\/pt\/wp-json\/wp\/v2\/posts\/160659\/revisions"}],"wp:featuredmedia":[{"embeddable":true,"href":"https:\/\/www.europesays.com\/pt\/wp-json\/wp\/v2\/media\/160660"}],"wp:attachment":[{"href":"https:\/\/www.europesays.com\/pt\/wp-json\/wp\/v2\/media?parent=160659"}],"wp:term":[{"taxonomy":"category","embeddable":true,"href":"https:\/\/www.europesays.com\/pt\/wp-json\/wp\/v2\/categories?post=160659"},{"taxonomy":"post_tag","embeddable":true,"href":"https:\/\/www.europesays.com\/pt\/wp-json\/wp\/v2\/tags?post=160659"}],"curies":[{"name":"wp","href":"https:\/\/api.w.org\/{rel}","templated":true}]}}