{"id":160669,"date":"2025-11-22T00:25:09","date_gmt":"2025-11-22T00:25:09","guid":{"rendered":"https:\/\/www.europesays.com\/pt\/160669\/"},"modified":"2025-11-22T00:25:09","modified_gmt":"2025-11-22T00:25:09","slug":"um-menino-a-aparecer-e-um-peso-a-desaparecer-as-notas-do-benfica","status":"publish","type":"post","link":"https:\/\/www.europesays.com\/pt\/160669\/","title":{"rendered":"Um menino a aparecer e um peso a desaparecer (as notas do Benfica)"},"content":{"rendered":"<p><strong>Samuel Soares (5)<\/strong> \u2014 Aos 2\u2019 estava a voar para a esquerda depois de remate perigoso de Jo\u00e3ozinho ao lado do poste esquerdo, aos 4\u2019 a sair da \u00e1rea para cortar um ataque advers\u00e1rio, aos 11\u2019 agarrou um cabeceamento, aos 40\u2019 atirou-se para a relva para travar bicicleta de D\u00e9lcio, aos 43\u2019 segurou a bola ap\u00f3s canto. Ainda na primeira parte jogou duas vezes mal a bola com os p\u00e9s. Foi quase espectador no segundo tempo.<\/p>\n<p>                O melhor em campo: Rodrigo R\u00eago<\/p>\n<p>            Rodrigo R\u00eago (6) \u2014 Bom p\u00e9 esquerdo, explosivo na aplica\u00e7\u00e3o do drible e na mudan\u00e7a de velocidade, sempre com o dedo no gatilho pronto a disparar, t\u00e3o irreverente e atrevido como algumas vezes precipitado e inocente na \u00faltima decis\u00e3o, s\u00f3 pode ficar feliz e orgulhoso pela estreia na equipa principal. Participou nos melhores lances da primeira parte. Jogou como ala esquerdo no primeiro tempo e extremo direito no segundo e aproveitou a oportunidade. Podem contar com ele. Foi agrad\u00e1vel surpresa e dificilmente h\u00e1 benfiquista que n\u00e3o tenha ficado com \u00e1gua na boca e desejo de ver muito e mais do jovem de 20 anos. Sempre em modo ofensivo, a arrancar cruzamentos ou a fazer movimentos interiores, tamb\u00e9m foi competente a defender \u2014 recuperou a bola e foi receber passe de Schjelderup para depois entreg\u00e1-la a Barreiro, no lance do pen\u00e1lti do segundo golo.<\/p>\n<p><strong>Tom\u00e1s Ara\u00fajo<\/strong> <strong>(5) <\/strong>\u2014 Com o veloz D\u00e9lcio pela frente andou sempre em cuidados defensivos. N\u00e3o apanhou grandes sustos, mas n\u00e3o p\u00f4de contribuir no ataque. Saiu ao intervalo quando Mourinho mudou o sistema t\u00e1tico.<\/p>\n<p><strong>Otamendi<\/strong> <strong>(5)<\/strong> \u2014 Talvez dos poucos que na primeira parte se incomodaram com a exibi\u00e7\u00e3o da equipa \u2014 aos 44\u2019 irritou-se com Samuel Soares pela demora de reposi\u00e7\u00e3o de bola. Antes teve de aplicar-se v\u00e1rias vezes em cortes de cabe\u00e7a na \u00e1rea, onde a bola chegou atrav\u00e9s de centros ou lan\u00e7amentos laterais. Bom corte sobre Caleb \u00e0 entrada da \u00e1rea aos 61\u2019. Falhou pen\u00e1lti aos 90+2\u2019 \u2014 atirou para a direita e guarda-redes defender.<\/p>\n<p><strong>Ant\u00f3nio Silva (5) <\/strong>\u2014 Central pela esquerda na primeira parte n\u00e3o teve tanto trabalho como Tom\u00e1s Ara\u00fajo. Aos 31\u2019 n\u00e3o conseguiu reagir a desvio de Barrenechea para marcar na primeira \u00e1rea. Sofreu pen\u00e1lti de Duarte Henriques (90+2\u2019).<\/p>\n<p><strong>Dedic<\/strong> <strong>(5)<\/strong> \u2014 N\u00e3o deu a profundidade que a equipa precisou, procurou muitos movimentos interiores. Aos 29\u2019 quase marcou num disparo cruzado que Rodrigo Dias sentiu dificuldade em defender para canto. Mais confort\u00e1vel e participativo no ataque na segunda parte.<\/p>\n<p><strong>Aursnes (6)<\/strong> \u2014 Meteu a bola na cabe\u00e7a de R\u00edos no primeiro golo. Mais influente na segunda parte, organizando e apressando a equipa recuperar a bola e a sair para o ataque.<\/p>\n<p><strong>Barrenechea<\/strong> <strong>(4) <\/strong>\u2014 Aos 7\u2019 escorregou e permitiu remate de Caleb \u00e0 entrada da \u00e1rea. Aos 18\u2019, num livre \u00e0 entrada da \u00e1rea, rematou contra a barreira. Procurado nas bolas paradas, desviou uma vez bem de cabe\u00e7a para Ant\u00f3nio Silva (31\u2019). Mas a equipa precisou de intensidade e energia que n\u00e3o ofereceu. Saiu ao intervalo.<\/p>\n<p><strong>Jo\u00e3o Rego<\/strong> <strong>(3)<\/strong> \u2014 Aos 2\u2019 perdeu a bola e Jo\u00e3ozinho rematou com perigo ao lado do poste esquerdo. Foi m\u00e9dio-interior esquerdo e n\u00e3o teve impacto positivo no jogo ofensivo da equipa. Saiu ao intervalo<\/p>\n<p><strong>Pavlidis (6)<\/strong> \u2014 Andou sempre a farejar o golo que surgiu na marca\u00e7\u00e3o de pen\u00e1lti, num remate forte e rasteiro para a direita. Serviu um remate perigoso de Dedic (29\u2019). Na confus\u00e3o onde andou metido tamb\u00e9m amea\u00e7ou aos 58\u2019.<\/p>\n<p><strong>Ivanovic (3) <\/strong>\u2014 Jogou no apoio a Pavlidis, por isso, mais m\u00f3vel. Entre perdas de bolas e atrapalha\u00e7\u00f5es sucessivas, apenas um lance interessante aos 21\u2019, quando arrancou com espa\u00e7o e foi derrubado \u00e0 entrada da \u00e1rea. Perdeu boa oportunidade, num canto e sozinho, quando rematou ao lado do poste esquerdo.<\/p>\n<p><strong>Leandro Barreiro (6)<\/strong> \u2014 Jogou ao lado de Pavlidis para pressionar a sa\u00edda de bola e deu mais intensidade \u00e0 equipa no momento defensivo. No ataque, ofereceu-se para combina\u00e7\u00f5es e deu velocidade \u00e0 bola. Foi derrubado na \u00e1rea, no pen\u00e1lti que Pavlidis converteu.<\/p>\n<p><strong>R\u00edos (6)<\/strong> \u2014 Entrou ao intervalo e aos 46\u2019 j\u00e1 estava a rematar cruzado, por cima da barra. Aos 57\u2019 voltou a disparar, agora \u00e0 entrada da \u00e1rea, tamb\u00e9m por cima. Deu mais m\u00fasculo ao meio-campo. Foi \u00e0 \u00e1rea para marcar (de cabe\u00e7a) pela primeira vez pelo Benfica. No festejo, tentou libertar-se do peso da responsabilidade. Ou seria do mau-olhado?<\/p>\n<p><strong>Dahl (5)<\/strong> \u2014 Com pouco trabalho defensivo, cruzou duas vezes para a \u00e1rea e empurrou Schjelderup para o ataque.<\/p>\n<p><strong>Schjelderup<\/strong> <strong>(6)<\/strong> \u2014 Deu ao Benfica a capacidade de desequilibrar mais no um para um, no \u00faltimo ter\u00e7o e na \u00e1rea do Atl\u00e9tico. Participou no lance que acabou no pen\u00e1lti cometido sobre Barreiro. E s\u00f3 uma grande defesa de Rodrigo Dias impediu que pudesse festejar o golo, depois de boa arrancada e remate forte.<\/p>\n<p><strong>Henrique Ara\u00fajo (-)<\/strong> \u2014 Entrou aos 79&#8242;. Sem oportunidade de deixar marca.<\/p>\n<p><a target=\"_self\" class=\"editor-link\" href=\"https:\/\/profile.google.com\/cp\/CgkvbS8wNWNjOHQ?pf=0\" rel=\"nofollow noopener\">Siga o perfil de A BOLA no Google<\/a><\/p>\n","protected":false},"excerpt":{"rendered":"Samuel Soares (5) \u2014 Aos 2\u2019 estava a voar para a esquerda depois de remate perigoso de Jo\u00e3ozinho&hellip;\n","protected":false},"author":2,"featured_media":160670,"comment_status":"","ping_status":"","sticky":false,"template":"","format":"standard","meta":{"footnotes":""},"categories":[87],"tags":[135,32,33,134],"class_list":{"0":"post-160669","1":"post","2":"type-post","3":"status-publish","4":"format-standard","5":"has-post-thumbnail","7":"category-desporto","8":"tag-desporto","9":"tag-portugal","10":"tag-pt","11":"tag-sports"},"share_on_mastodon":{"url":"https:\/\/pubeurope.com\/@pt\/115590510870301406","error":""},"_links":{"self":[{"href":"https:\/\/www.europesays.com\/pt\/wp-json\/wp\/v2\/posts\/160669","targetHints":{"allow":["GET"]}}],"collection":[{"href":"https:\/\/www.europesays.com\/pt\/wp-json\/wp\/v2\/posts"}],"about":[{"href":"https:\/\/www.europesays.com\/pt\/wp-json\/wp\/v2\/types\/post"}],"author":[{"embeddable":true,"href":"https:\/\/www.europesays.com\/pt\/wp-json\/wp\/v2\/users\/2"}],"replies":[{"embeddable":true,"href":"https:\/\/www.europesays.com\/pt\/wp-json\/wp\/v2\/comments?post=160669"}],"version-history":[{"count":0,"href":"https:\/\/www.europesays.com\/pt\/wp-json\/wp\/v2\/posts\/160669\/revisions"}],"wp:featuredmedia":[{"embeddable":true,"href":"https:\/\/www.europesays.com\/pt\/wp-json\/wp\/v2\/media\/160670"}],"wp:attachment":[{"href":"https:\/\/www.europesays.com\/pt\/wp-json\/wp\/v2\/media?parent=160669"}],"wp:term":[{"taxonomy":"category","embeddable":true,"href":"https:\/\/www.europesays.com\/pt\/wp-json\/wp\/v2\/categories?post=160669"},{"taxonomy":"post_tag","embeddable":true,"href":"https:\/\/www.europesays.com\/pt\/wp-json\/wp\/v2\/tags?post=160669"}],"curies":[{"name":"wp","href":"https:\/\/api.w.org\/{rel}","templated":true}]}}