{"id":160677,"date":"2025-11-22T00:33:37","date_gmt":"2025-11-22T00:33:37","guid":{"rendered":"https:\/\/www.europesays.com\/pt\/160677\/"},"modified":"2025-11-22T00:33:37","modified_gmt":"2025-11-22T00:33:37","slug":"professores-avancam-para-a-greve-geral-fenprof-entregou-pre-aviso-no-meci","status":"publish","type":"post","link":"https:\/\/www.europesays.com\/pt\/160677\/","title":{"rendered":"Professores avan\u00e7am para a Greve Geral: FENPROF entregou pr\u00e9-aviso no MECI"},"content":{"rendered":"<p>Os educadores, docentes e investigadores consideram que o anteprojeto de altera\u00e7\u00e3o \u00e0 legisla\u00e7\u00e3o laboral, Trabalho XXI, apresentado pelo Governo, \u00e9 um grave ataque aos direitos dos trabalhadores.<\/p>\n<p>As propostas de altera\u00e7\u00e3o \u00e0 legisla\u00e7\u00e3o laboral acentuam a j\u00e1 forte desigualdade na rela\u00e7\u00e3o de poder empregador-trabalhador, pois promovem a desregula\u00e7\u00e3o das rela\u00e7\u00f5es de trabalho, permitem a manuten\u00e7\u00e3o de sal\u00e1rios baixos, incentivam a flexibiliza\u00e7\u00e3o descontrolada dos hor\u00e1rios, fragilizam a contrata\u00e7\u00e3o coletiva e favorecem a generaliza\u00e7\u00e3o da precariedade. Acresce a perda de direitos no dom\u00ednio da maternidade e da paternidade e um claro atentado \u00e0 liberdade sindical e ao direito \u00e0 greve, nomeadamente atrav\u00e9s da banaliza\u00e7\u00e3o da imposi\u00e7\u00e3o de servi\u00e7os m\u00ednimos de forma indiscriminada.<\/p>\n<p>Estes s\u00e3o apenas alguns dos aspetos mais preocupantes das altera\u00e7\u00f5es que o Governo pretende impor \u00e0s condi\u00e7\u00f5es gerais de trabalho no nosso pa\u00eds.<\/p>\n<p>Num momento em que educadores, professores e investigadores se encontram profundamente mobilizados pela urg\u00eancia da valoriza\u00e7\u00e3o das suas carreiras e pela defesa da Escola P\u00fablica e da Ci\u00eancia em Portugal, a aprova\u00e7\u00e3o de um projeto desta natureza constituiria um grav\u00edssimo retrocesso civilizacional, com consequ\u00eancias que rapidamente atingiriam todos os setores \u2014 incluindo educa\u00e7\u00e3o e investiga\u00e7\u00e3o \u2014 e todos os trabalhadores, das entidades p\u00fablicas \u00e0s entidades privadas.<\/p>\n<p>Ap\u00f3s um vasto processo de ausculta\u00e7\u00e3o, envolvendo centenas de reuni\u00f5es e plen\u00e1rios sindicais por todo o pa\u00eds, e considerando a pondera\u00e7\u00e3o dos sindicatos que integram esta Federa\u00e7\u00e3o, <strong>a FENPROF decidiu, numa base de unidade e a\u00e7\u00e3o com os restantes trabalhadores, convergir para a Greve Geral de 11 de dezembro de 2025<\/strong>.<\/p>\n<p>\u00a0<\/p>\n<p>Lisboa, 20 de novembro de 2025<\/p>\n<p>O Secretariado Nacional da FENPROF<\/p>\n","protected":false},"excerpt":{"rendered":"Os educadores, docentes e investigadores consideram que o anteprojeto de altera\u00e7\u00e3o \u00e0 legisla\u00e7\u00e3o laboral, Trabalho XXI, apresentado pelo&hellip;\n","protected":false},"author":2,"featured_media":160678,"comment_status":"","ping_status":"","sticky":false,"template":"","format":"standard","meta":{"footnotes":""},"categories":[8],"tags":[27,28,15,16,14,25,26,21,22,12,13,19,20,32,23,24,33,17,18,29,30,31],"class_list":{"0":"post-160677","1":"post","2":"type-post","3":"status-publish","4":"format-standard","5":"has-post-thumbnail","7":"category-principais-noticias","8":"tag-breaking-news","9":"tag-breakingnews","10":"tag-featured-news","11":"tag-featurednews","12":"tag-headlines","13":"tag-latest-news","14":"tag-latestnews","15":"tag-main-news","16":"tag-mainnews","17":"tag-news","18":"tag-noticias","19":"tag-noticias-principais","20":"tag-noticiasprincipais","21":"tag-portugal","22":"tag-principais-noticias","23":"tag-principaisnoticias","24":"tag-pt","25":"tag-top-stories","26":"tag-topstories","27":"tag-ultimas","28":"tag-ultimas-noticias","29":"tag-ultimasnoticias"},"share_on_mastodon":{"url":"https:\/\/pubeurope.com\/@pt\/115590542399685441","error":""},"_links":{"self":[{"href":"https:\/\/www.europesays.com\/pt\/wp-json\/wp\/v2\/posts\/160677","targetHints":{"allow":["GET"]}}],"collection":[{"href":"https:\/\/www.europesays.com\/pt\/wp-json\/wp\/v2\/posts"}],"about":[{"href":"https:\/\/www.europesays.com\/pt\/wp-json\/wp\/v2\/types\/post"}],"author":[{"embeddable":true,"href":"https:\/\/www.europesays.com\/pt\/wp-json\/wp\/v2\/users\/2"}],"replies":[{"embeddable":true,"href":"https:\/\/www.europesays.com\/pt\/wp-json\/wp\/v2\/comments?post=160677"}],"version-history":[{"count":0,"href":"https:\/\/www.europesays.com\/pt\/wp-json\/wp\/v2\/posts\/160677\/revisions"}],"wp:featuredmedia":[{"embeddable":true,"href":"https:\/\/www.europesays.com\/pt\/wp-json\/wp\/v2\/media\/160678"}],"wp:attachment":[{"href":"https:\/\/www.europesays.com\/pt\/wp-json\/wp\/v2\/media?parent=160677"}],"wp:term":[{"taxonomy":"category","embeddable":true,"href":"https:\/\/www.europesays.com\/pt\/wp-json\/wp\/v2\/categories?post=160677"},{"taxonomy":"post_tag","embeddable":true,"href":"https:\/\/www.europesays.com\/pt\/wp-json\/wp\/v2\/tags?post=160677"}],"curies":[{"name":"wp","href":"https:\/\/api.w.org\/{rel}","templated":true}]}}