{"id":160681,"date":"2025-11-22T00:37:12","date_gmt":"2025-11-22T00:37:12","guid":{"rendered":"https:\/\/www.europesays.com\/pt\/160681\/"},"modified":"2025-11-22T00:37:12","modified_gmt":"2025-11-22T00:37:12","slug":"resumo-de-eta-mundo-melhor-de-1-a-6-de-dezembro-tem-pedido-de-casamento-gshow","status":"publish","type":"post","link":"https:\/\/www.europesays.com\/pt\/160681\/","title":{"rendered":"Resumo de \u00cata Mundo Melhor! de 1 a 6 de dezembro tem pedido de casamento &#8211; Gshow"},"content":{"rendered":"<ol>\n<li><a href=\"https:\/\/news.google.com\/rss\/articles\/CBMitAFBVV95cUxNaDd2VUpUdmpGMXFGUGhoOVIzZGxHNFdxV2JEUk0zOHpIOG5vOWZFVGpiUXdrVUlxdXo1RjdfZTZLczRiUnFwTlk0cWItbGlzamo2eFZoS3VnWUYxOGtTRUN6QnJfVHhLbUJyMHplUjJoQnYwVklpbks5NTBPWERfVlUwai1NeVNfTXJkc2NKZzNrTUJ4RDVIb09HWVFSNW1JR3RhRENvU3hGb1hlOWpXaHU0S3jSAcMBQVVfeXFMTVBIYUxBemRTd1FoczU2U0w1Mks0cWRrNEZheFZjS2tSU1hEM01pek44bXBxclJ2S3F4TkwyYk9PN3JGd0tKMy1jU3FyTEtKZ2Z1aXZlbnFUbWpCRGF5ZVhEUm1YQVVCUjFUMXpFLWtZSUMyRVNMNkVwS003cUJfMksxX3d4ZEVDVk5uRDNxUFc0VVhpd1BqaXdaSEpTMFBSZUNubnk3R3owNHphdC0xYTM4dk5LR3VoWTg1YzNEdHFibEM4?oc=5\" target=\"_blank\" rel=\"nofollow noopener\">Resumo de \u00cata Mundo Melhor! de 1 a 6 de dezembro tem pedido de casamento<\/a>&nbsp;&nbsp;Gshow<\/li>\n<li><a href=\"https:\/\/news.google.com\/rss\/articles\/CBMiyAFBVV95cUxOT1lKdmhveFBSU09aMFE5eHY2Y2Y0dWlrSFZIZV9rZEZVMFdaV0dZbVljV3JZSS03V0doM0YySUlHb1NMWklyNll5WlJSQ0tDSnRzTkZUWjcxNnpNQ0g4WlExRzJvS2FEVzhINmdVa0hET0dMNnQybGctMzZVM2xYVDhJbnE4ZklRc3hfc2YyTUVDa1IwenlFa2gwOUo1X3dxV3RwTGkzc3czWk1Vb1dqNmlMaDVCZ29MdXAzLTJDdU9zc2xza3lqRNIB1wFBVV95cUxPZDVVX2lsdk1Lek96cmJLam9heXgzTnlMWlBFUmMybi00S0xOUWRaTndxelVVZHdmcWRnYUp6clVTd0lCdVUtRm9WSUxPNkN1UDZ0YXpMc1ZkOHl0MXZiRV94SUdFc01aNmFlb01DNjhIbEs2dlV0RHdJSXdvWTZKQnVJYzMwS1F4YkhiV0htbGlKbGVFRnJ6MW56SjE4T3dZeEZveHVWSm5ianplNVNTYXFZZjdyb3puYUtFc3ZqQUYzeGZZaktrZFFCOUkwTE5EWE9OVUw0Yw?oc=5\" target=\"_blank\" rel=\"nofollow noopener\">Resumo de \u00cata Mundo Melhor!: Pr\u00f3ximo cap\u00edtulo da novela, sexta, 21 de novembro<\/a>&nbsp;&nbsp;Not\u00edcias da TV<\/li>\n<li><a href=\"https:\/\/news.google.com\/rss\/articles\/CBMihwJBVV95cUxQSkloR2xETG5UcW8wZS1ubk5xX2VyUDFTZzhJOUhMNC1sbExwTkhyTE8yeDk2X1ZockxWR1ZYT2o2Q0RoTTN2by1UamhVQ1EzdC1lMFlUNEJObmt4bkNMUTBZcjQ1a2NLamxUX2xKQzBkc1RVZFhSOEg2bWJFZnMzMGtnQkloT3Y2bkU2a2UtMmxrSXZLV09Fc0lEZFdwRkV4amx2TzJNVkZybGdvNjNhbHVjeFQtVW5HNWUtc0dpcml1dnRYZnlCYmJmVUF5d01PTTAyQjZuSHcxTWkzY0JXdTJEOU1pTFZKRHZyLU9UQlo0eVE1ZjVIM3BrVUJSaUE2RW1HcEsyMA?oc=5\" target=\"_blank\" rel=\"nofollow noopener\">Descubra o que vai acontecer nas novelas na pr\u00f3xima semana, 24 a 29 de novembro<\/a>&nbsp;&nbsp;Di\u00e1rio Ga\u00facho<\/li>\n<li><a href=\"https:\/\/news.google.com\/rss\/articles\/CBMiwgFBVV95cUxOdUozbWVlTUdLUVN1T1k2dUxpcUVYb0d2MHVBcTBVTUczYkVvVmdxaUNyQi0tOFNJaERySUpJdTBnTzRFRjZSSHVhck5HcmFuNWRxQ1AxNWk0SF8yWlFkU1lTNXUyckJtMnVVNFM2UUJfUUZRb2pOVVJDUHFTYTlvcFZQTThOQUNHYktJdXhKaXR4S2V3YlRvLUFMRUlZbEZaelplclNyc1lYam1yTG1hWGphZWw5R1BsTDBKbXJQajhqZw?oc=5\" target=\"_blank\" rel=\"nofollow noopener\">Final, s\u00e1bado, 22\/11: Resumo alterado do cap\u00edtulo de \u00cata Mundo Melhor!<\/a>&nbsp;&nbsp;O TEMPO<\/li>\n<li><a href=\"https:\/\/news.google.com\/rss\/articles\/CBMizgFBVV95cUxPX1V1TldZUlk4UjR0RjZJeDhJUzY3SFQyNUFvcjNZdDlPcTFjU0gwbmdyaGt6aEtTU0dGZks3T2VEUDM1dnJlbjM5U3lfLU5uVi1wa0FHeC11ZHhtelhtYnQ0b1dOLXRTSldvQVFwTWNWdWEzU0J4dUxBUXBQaGIxdmFjalM2aktzdm9nYWt4SFdzcXYyZ1ptcEM2cENYNjJUS1NqeDRaRUo0Q2o5WFJQNk5nOVJKbGw4a1E0emRPX0ItMWYwQVppX0RxZEJjdw?oc=5\" target=\"_blank\" rel=\"nofollow noopener\">&#8216;\u00cata Mundo Melhor!&#8217;: Candinho flagra Sandra e Ernesto em encontro suspeito nesta quinta (20)<\/a>&nbsp;&nbsp;Jornal Correio<\/li>\n<\/ol>\n","protected":false},"excerpt":{"rendered":"Resumo de \u00cata Mundo Melhor! de 1 a 6 de dezembro tem pedido de casamento&nbsp;&nbsp;Gshow Resumo de \u00cata&hellip;\n","protected":false},"author":2,"featured_media":12187,"comment_status":"","ping_status":"","sticky":false,"template":"","format":"standard","meta":{"footnotes":""},"categories":[142],"tags":[114,115,32,33,151],"class_list":{"0":"post-160681","1":"post","2":"type-post","3":"status-publish","4":"format-standard","5":"has-post-thumbnail","7":"category-tv","8":"tag-entertainment","9":"tag-entretenimento","10":"tag-portugal","11":"tag-pt","12":"tag-tv"},"share_on_mastodon":{"url":"https:\/\/pubeurope.com\/@pt\/115590558069604638","error":""},"_links":{"self":[{"href":"https:\/\/www.europesays.com\/pt\/wp-json\/wp\/v2\/posts\/160681","targetHints":{"allow":["GET"]}}],"collection":[{"href":"https:\/\/www.europesays.com\/pt\/wp-json\/wp\/v2\/posts"}],"about":[{"href":"https:\/\/www.europesays.com\/pt\/wp-json\/wp\/v2\/types\/post"}],"author":[{"embeddable":true,"href":"https:\/\/www.europesays.com\/pt\/wp-json\/wp\/v2\/users\/2"}],"replies":[{"embeddable":true,"href":"https:\/\/www.europesays.com\/pt\/wp-json\/wp\/v2\/comments?post=160681"}],"version-history":[{"count":0,"href":"https:\/\/www.europesays.com\/pt\/wp-json\/wp\/v2\/posts\/160681\/revisions"}],"wp:featuredmedia":[{"embeddable":true,"href":"https:\/\/www.europesays.com\/pt\/wp-json\/wp\/v2\/media\/12187"}],"wp:attachment":[{"href":"https:\/\/www.europesays.com\/pt\/wp-json\/wp\/v2\/media?parent=160681"}],"wp:term":[{"taxonomy":"category","embeddable":true,"href":"https:\/\/www.europesays.com\/pt\/wp-json\/wp\/v2\/categories?post=160681"},{"taxonomy":"post_tag","embeddable":true,"href":"https:\/\/www.europesays.com\/pt\/wp-json\/wp\/v2\/tags?post=160681"}],"curies":[{"name":"wp","href":"https:\/\/api.w.org\/{rel}","templated":true}]}}