{"id":160703,"date":"2025-11-22T01:04:10","date_gmt":"2025-11-22T01:04:10","guid":{"rendered":"https:\/\/www.europesays.com\/pt\/160703\/"},"modified":"2025-11-22T01:04:10","modified_gmt":"2025-11-22T01:04:10","slug":"joao-guilherme-compartilha-album-de-fotos-feitas-pela-sobrinha-maria-flor","status":"publish","type":"post","link":"https:\/\/www.europesays.com\/pt\/160703\/","title":{"rendered":"Jo\u00e3o Guilherme compartilha \u00e1lbum de fotos feitas pela sobrinha Maria Flor"},"content":{"rendered":"<p><strong>Jo\u00e3o Guilherme usou as redes sociais para compartilhar um \u00e1lbum de fotos especial. Os registros foram feitos pela sobrinha Maria Flor, filha do meio de Z\u00e9 Felipe com a apresentadora Virginia Fonseca.<\/strong><\/p>\n<p>\u201cRegistros feitos pela minha sobrinha mais nova\u2026 ela \u00e9 biuta mas leva jeito \ud83c\udf38\u201d escreveu, na legenda dos registros.<\/p>\n<p>Jo\u00e3o Guilherme ainda adiantou que j\u00e1 sabe qual ser\u00e1 o presente dela no pr\u00f3ximo ano. \u201cAno que vem vai ganhar uma c\u00e2mera de anivers\u00e1rio\u201d, prometeu.<\/p>\n<blockquote class=\"instagram-media\" style=\"background: #FFF; border: 0; border-radius: 3px; box-shadow: 0 0 1px 0 rgba(0,0,0,0.5),0 1px 10px 0 rgba(0,0,0,0.15); margin: 1px; max-width: 540px; min-width: 326px; padding: 0; width: calc(100% - 2px);\" data-instgrm-captioned=\"\" data-instgrm-permalink=\"https:\/\/www.instagram.com\/p\/DRSHESSERk6\/?utm_source=ig_embed&amp;utm_campaign=loading\" data-instgrm-version=\"14\">\n<\/blockquote>\n<p>\t\t\t\t<script async src=\"\/\/www.instagram.com\/embed.js\"><\/script><\/p>\n","protected":false},"excerpt":{"rendered":"Jo\u00e3o Guilherme usou as redes sociais para compartilhar um \u00e1lbum de fotos especial. Os registros foram feitos pela&hellip;\n","protected":false},"author":2,"featured_media":160704,"comment_status":"","ping_status":"","sticky":false,"template":"","format":"standard","meta":{"footnotes":""},"categories":[145],"tags":[211,210,114,115,32,33],"class_list":{"0":"post-160703","1":"post","2":"type-post","3":"status-publish","4":"format-standard","5":"has-post-thumbnail","7":"category-celebridades","8":"tag-celebridades","9":"tag-celebrities","10":"tag-entertainment","11":"tag-entretenimento","12":"tag-portugal","13":"tag-pt"},"share_on_mastodon":{"url":"https:\/\/pubeurope.com\/@pt\/115590664277661608","error":""},"_links":{"self":[{"href":"https:\/\/www.europesays.com\/pt\/wp-json\/wp\/v2\/posts\/160703","targetHints":{"allow":["GET"]}}],"collection":[{"href":"https:\/\/www.europesays.com\/pt\/wp-json\/wp\/v2\/posts"}],"about":[{"href":"https:\/\/www.europesays.com\/pt\/wp-json\/wp\/v2\/types\/post"}],"author":[{"embeddable":true,"href":"https:\/\/www.europesays.com\/pt\/wp-json\/wp\/v2\/users\/2"}],"replies":[{"embeddable":true,"href":"https:\/\/www.europesays.com\/pt\/wp-json\/wp\/v2\/comments?post=160703"}],"version-history":[{"count":0,"href":"https:\/\/www.europesays.com\/pt\/wp-json\/wp\/v2\/posts\/160703\/revisions"}],"wp:featuredmedia":[{"embeddable":true,"href":"https:\/\/www.europesays.com\/pt\/wp-json\/wp\/v2\/media\/160704"}],"wp:attachment":[{"href":"https:\/\/www.europesays.com\/pt\/wp-json\/wp\/v2\/media?parent=160703"}],"wp:term":[{"taxonomy":"category","embeddable":true,"href":"https:\/\/www.europesays.com\/pt\/wp-json\/wp\/v2\/categories?post=160703"},{"taxonomy":"post_tag","embeddable":true,"href":"https:\/\/www.europesays.com\/pt\/wp-json\/wp\/v2\/tags?post=160703"}],"curies":[{"name":"wp","href":"https:\/\/api.w.org\/{rel}","templated":true}]}}