{"id":160713,"date":"2025-11-22T01:14:31","date_gmt":"2025-11-22T01:14:31","guid":{"rendered":"https:\/\/www.europesays.com\/pt\/160713\/"},"modified":"2025-11-22T01:14:31","modified_gmt":"2025-11-22T01:14:31","slug":"atualizar-escaloes-do-imt-em-1461-custaria-71-milhoes-observador","status":"publish","type":"post","link":"https:\/\/www.europesays.com\/pt\/160713\/","title":{"rendered":"Atualizar escal\u00f5es do IMT em 14,61% custaria 71 milh\u00f5es \u2013 Observador"},"content":{"rendered":"<p>A Iniciativa Liberal prop\u00f5e, no \u00e2mbito das altera\u00e7\u00f5es a introduzir no Or\u00e7amento do Estado para 2026, que os escal\u00f5es das taxas do IMT (Imposto Municipal sobre as Transmiss\u00f5es Onerosas de Im\u00f3veis) fossem aumentados em 14,61%, em vez dos 2,0% da proposta do Governo.<\/p>\n<p>Segundo a Unidade T\u00e9cnica de Apoio Or\u00e7amental (UTAO), que estimou o impacto da proposta, essa atualiza\u00e7\u00e3o dos escal\u00f5es da iniciativa da IL implicaria uma perda de receita desse imposto\u00a0de 71 milh\u00f5es de euros. Ou seja, a receita de IMT ficaria nos 865 milh\u00f5es de euros, face aos 935 milh\u00f5es impl\u00edcitos na proposta de lei do Governo.<\/p>\n<p>\u201cPara 2025, efetuou-se uma simula\u00e7\u00e3o que consiste na atualiza\u00e7\u00e3o dos pre\u00e7os dos im\u00f3veis da base de microdados de 2024 em 13,8%. Em 2025, os pre\u00e7os da habita\u00e7\u00e3o encontram-se a subir a um ritmo <strong>superior \u00e0 atualiza\u00e7\u00e3o efetuada nos escal\u00f5es de IMT em 2025.<\/strong> Consequentemente, admitindo o mesmo n\u00famero de transa\u00e7\u00f5es e uma distribui\u00e7\u00e3o por escal\u00f5es semelhante ao ano anterior, <strong>a receita fiscal de IMT ter\u00e1 uma taxa de crescimento pr\u00f3xima de 23,1%\u201d, aponta a UTAO, <\/strong>acrescentando que a \u201csimula\u00e7\u00e3o para 2026 tem como ponto de partida o exerc\u00edcio efetuado para 2025\u201d. Os impactos estimados, indica a UTAO, \u201cconsideram os pressupostos assumidos para a base de microdados, a taxa de crescimento dos pre\u00e7os das habita\u00e7\u00f5es de 14,61% em 2026, o mesmo n\u00famero de transa\u00e7\u00f5es e a mesma estrutura dos anos anteriores\u201d.<\/p>\n<p>        <img src=\"https:\/\/www.europesays.com\/pt\/wp-content\/uploads\/2025\/11\/captura-de-ecra-2025-11-21-as-102256.jpg\" alt=\"\" loading=\"lazy\" decoding=\"async\" class=\"alignnone\" onload=\"this.parentElement.classList.remove('spinner')\" onerror=\"this.parentElement.classList.remove('spinner')\"\/>    <\/p>\n<p>A UTAO fez, no entanto, an\u00e1lise a uma evolu\u00e7\u00e3o distinta dos pre\u00e7os dos im\u00f3veis \u2014 considerando uma eventual subida de 5,5% e de 10% dos pre\u00e7os das casas. A\u00ed, a receita desceria, respetivamente, 65 milh\u00f5es e 68 milh\u00f5es de euros.<\/p>\n<p>A Unidade T\u00e9cnica alerta que, no entanto, \u201cos resultados devem ser interpretados com cautela\u201d, j\u00e1 que as previs\u00f5es de impacto na receita de IMT \u201cpodem variar devido a uma diferente composi\u00e7\u00e3o das habita\u00e7\u00f5es transacionadas em 2026 face a 2024 e a uma varia\u00e7\u00e3o da procura\u201d. E sugere que, por exemplo, \u201co regime de isen\u00e7\u00e3o de IMT na primeira compra de habita\u00e7\u00e3o pr\u00f3pria e permanente at\u00e9 aos 35 anos vigorou 5 meses no ano 2024, enquanto em 2026 este regime ir\u00e1 vigorar durante 12 meses. Com efeito, \u00e9 esperado que o n\u00famero de transa\u00e7\u00f5es em 2026 ao abrigo deste regime tenha um peso mais relevante do que no ano 2024\u201d.<\/p>\n","protected":false},"excerpt":{"rendered":"A Iniciativa Liberal prop\u00f5e, no \u00e2mbito das altera\u00e7\u00f5es a introduzir no Or\u00e7amento do Estado para 2026, que os&hellip;\n","protected":false},"author":2,"featured_media":160714,"comment_status":"","ping_status":"","sticky":false,"template":"","format":"standard","meta":{"footnotes":""},"categories":[83],"tags":[88,476,89,90,2501,17213,302,32,33,34169],"class_list":{"0":"post-160713","1":"post","2":"type-post","3":"status-publish","4":"format-standard","5":"has-post-thumbnail","7":"category-empresas","8":"tag-business","9":"tag-economia","10":"tag-economy","11":"tag-empresas","12":"tag-impostos","13":"tag-oru00e7amento-do-estado","14":"tag-polu00edtica","15":"tag-portugal","16":"tag-pt","17":"tag-utao"},"share_on_mastodon":{"url":"https:\/\/pubeurope.com\/@pt\/115590703715669711","error":""},"_links":{"self":[{"href":"https:\/\/www.europesays.com\/pt\/wp-json\/wp\/v2\/posts\/160713","targetHints":{"allow":["GET"]}}],"collection":[{"href":"https:\/\/www.europesays.com\/pt\/wp-json\/wp\/v2\/posts"}],"about":[{"href":"https:\/\/www.europesays.com\/pt\/wp-json\/wp\/v2\/types\/post"}],"author":[{"embeddable":true,"href":"https:\/\/www.europesays.com\/pt\/wp-json\/wp\/v2\/users\/2"}],"replies":[{"embeddable":true,"href":"https:\/\/www.europesays.com\/pt\/wp-json\/wp\/v2\/comments?post=160713"}],"version-history":[{"count":0,"href":"https:\/\/www.europesays.com\/pt\/wp-json\/wp\/v2\/posts\/160713\/revisions"}],"wp:featuredmedia":[{"embeddable":true,"href":"https:\/\/www.europesays.com\/pt\/wp-json\/wp\/v2\/media\/160714"}],"wp:attachment":[{"href":"https:\/\/www.europesays.com\/pt\/wp-json\/wp\/v2\/media?parent=160713"}],"wp:term":[{"taxonomy":"category","embeddable":true,"href":"https:\/\/www.europesays.com\/pt\/wp-json\/wp\/v2\/categories?post=160713"},{"taxonomy":"post_tag","embeddable":true,"href":"https:\/\/www.europesays.com\/pt\/wp-json\/wp\/v2\/tags?post=160713"}],"curies":[{"name":"wp","href":"https:\/\/api.w.org\/{rel}","templated":true}]}}