{"id":160715,"date":"2025-11-22T01:17:09","date_gmt":"2025-11-22T01:17:09","guid":{"rendered":"https:\/\/www.europesays.com\/pt\/160715\/"},"modified":"2025-11-22T01:17:09","modified_gmt":"2025-11-22T01:17:09","slug":"benfica-continua-na-taca-de-portugal-e-continua-cinzento-cronica-de-jogo","status":"publish","type":"post","link":"https:\/\/www.europesays.com\/pt\/160715\/","title":{"rendered":"Benfica continua na Ta\u00e7a de Portugal e continua cinzento | Cr\u00f3nica de jogo"},"content":{"rendered":"<p>N\u00e3o foi propriamente um jogo sofrido, foi, sobretudo um jogo fraco e em que as experi\u00eancias n\u00e3o resultaram. O resultado foi o que se esperava, qualifica\u00e7\u00e3o do Benfica para os oitavos-de-final da Ta\u00e7a de Portugal, gra\u00e7as a um triunfo, por 0-2, no Restelo, sobre o Atl\u00e9tico, mas a exibi\u00e7\u00e3o foi muito pouco conseguida. Objectivo m\u00ednimo alcan\u00e7ado, qualifica\u00e7\u00e3o, mas tudo o que Jos\u00e9 Mourinho tentou de novo n\u00e3o resultou frente a um advers\u00e1rio da Liga 3 que deixou a I Liga h\u00e1 quase 50 anos.<\/p>\n<p>Terceiro classificado da I Liga, mais de 130 milh\u00f5es gastos em contrata\u00e7\u00f5es no Ver\u00e3o, um plantel cheio de internacionais e um treinador que j\u00e1 ganhou t\u00edtulos em quatro pa\u00edses incluindo duas Ligas dos Campe\u00f5es. S\u00e9timo classificado da Liga 3 (em dez equipas), provavelmente zero euros em contrata\u00e7\u00f5es, com um mi\u00fado de 17 anos a titular e <a href=\"https:\/\/www.publico.pt\/2025\/11\/21\/desporto\/noticia\/atletico-identidade-crenca-benfica-mourinho-2155444?ref=desporto&amp;cx=page__content\" rel=\"nofollow noopener\" target=\"_blank\">um treinador de 29 anos<\/a> que ganhou um campeonato da 3.\u00aa divis\u00e3o dos distritais de Lisboa (mais baixo que isto no futebol portugu\u00eas, n\u00e3o h\u00e1).<\/p>\n<p>        &#13;<br \/>\n            &#13;<\/p>\n<p>H\u00e1 um mundo de diferen\u00e7as entre o Benfica e o Atl\u00e9tico \u2013 e nem sequer falamos da hist\u00f3ria, muito maior a do Benfica, mais modesta a do clube de Alc\u00e2ntara, que deixou o futebol de primeira h\u00e1 48 anos e nunca mais voltou. Duas equipas da mesma cidade que nunca chegaram a ser verdadeiramente rivais e que, por uma noite, iriam reencontrar-se no Restelo, 43 anos depois do \u00faltimo confronto \u2013 esse jogo, tamb\u00e9m para a Ta\u00e7a, acabou em 0-6 para o Benfica. Desde o primeiro minuto se percebeu que este reencontro n\u00e3o seria assim.<\/p>\n<p>Mourinho aproveitou o jogo para fazer experi\u00eancias \u2013 tr\u00eas centrais, dois avan\u00e7ados, alguns jogadores da forma\u00e7\u00e3o \u2013 mas com boa parte de jogadores habitualmente titulares, como Pavlidis, Otamendi, Aursnes, entre outros. Achou que estaria em terreno seguro para o fazer porque este Atl\u00e9tico, no seu campeonato, nem a primeira metade da tabela ocupa. E n\u00e3o vamos fingir que sabemos como o Atl\u00e9tico habitualmente joga na Liga 3, mas sabemos como se apresentou para enfrentar o Benfica. Jogou bem, criou perigo, deixou Mourinho a pensar que tudo o que tinha para experimentar n\u00e3o funcionou.<\/p>\n<p>O primeiro remate foi do Atl\u00e9tico, o segundo tamb\u00e9m, o Benfica s\u00f3 criou perigo depois da meia-hora num canto em que Ivanovic rematou ao lado. Com o omnipresente Catarino Pascoal (o tal mi\u00fado de 17 anos) no meio-campo e o rapid\u00edssimo D\u00e9lcio a dar problemas no ataque \u2013 at\u00e9 um pontap\u00e9 de bicicleta fez \u2013 e na press\u00e3o alta, o Benfica era obrigado a jogar com bolas longas e isso era entregar a bola ao Atl\u00e9tico.<\/p>\n<p>Mourinho gostou tanto da primeira parte da sua equipa que, ao intervalo, mudou quatro \u2013 sa\u00edram Jo\u00e3o R\u00eago, Barrenechea, Ivanovic e Tom\u00e1s Ara\u00fajo, entraram Barreiro, R\u00edos, Dahl e Schjelderup. O Benfica melhorou na press\u00e3o e no dom\u00ednio, mas n\u00e3o na qualidade de execu\u00e7\u00e3o. O Atl\u00e9tico continuou a mostrar-se competente na defesa, espreitando sempre uma aberta (que existiam), mas os \u201cencarnados\u201d l\u00e1 conseguiram chegar ao golo de bola parada.<\/p>\n<p>        &#13;<br \/>\n            &#13;<\/p>\n<p>Aos 73\u2019, canto de Aursnes do lado direito do ataque, bola na cabe\u00e7a de R\u00edos e 0-1 \u2013 primeiro golo do colombiano pelo Benfica. Poucos minutos depois, Barreiro derrubado por Paulinho na \u00e1rea do Atl\u00e9tico, pen\u00e1lti e convers\u00e3o com sucesso de Pavlidis \u2013 o grego j\u00e1 tinha sa\u00eddo quando Otamendi desperdi\u00e7ou novo pen\u00e1lti na compensa\u00e7\u00e3o. O resultado estava feito e a vit\u00f3ria estava assegurada, mas este Benfica continua muito cinzento. Pr\u00f3xima paragem, Liga dos Campe\u00f5es, onde as coisas ser\u00e3o mais dif\u00edceis.<\/p>\n","protected":false},"excerpt":{"rendered":"N\u00e3o foi propriamente um jogo sofrido, foi, sobretudo um jogo fraco e em que as experi\u00eancias n\u00e3o resultaram.&hellip;\n","protected":false},"author":2,"featured_media":160716,"comment_status":"","ping_status":"","sticky":false,"template":"","format":"standard","meta":{"footnotes":""},"categories":[8],"tags":[27,28,2610,135,15,16,524,280,14,25,26,21,22,12,13,19,20,32,23,24,33,3099,3142,17,18,29,30,31],"class_list":{"0":"post-160715","1":"post","2":"type-post","3":"status-publish","4":"format-standard","5":"has-post-thumbnail","7":"category-principais-noticias","8":"tag-breaking-news","9":"tag-breakingnews","10":"tag-cronica-de-jogo","11":"tag-desporto","12":"tag-featured-news","13":"tag-featurednews","14":"tag-futebol","15":"tag-futebol-nacional","16":"tag-headlines","17":"tag-latest-news","18":"tag-latestnews","19":"tag-main-news","20":"tag-mainnews","21":"tag-news","22":"tag-noticias","23":"tag-noticias-principais","24":"tag-noticiasprincipais","25":"tag-portugal","26":"tag-principais-noticias","27":"tag-principaisnoticias","28":"tag-pt","29":"tag-sl-benfica","30":"tag-taca-de-portugal","31":"tag-top-stories","32":"tag-topstories","33":"tag-ultimas","34":"tag-ultimas-noticias","35":"tag-ultimasnoticias"},"share_on_mastodon":{"url":"https:\/\/pubeurope.com\/@pt\/115590715618857827","error":""},"_links":{"self":[{"href":"https:\/\/www.europesays.com\/pt\/wp-json\/wp\/v2\/posts\/160715","targetHints":{"allow":["GET"]}}],"collection":[{"href":"https:\/\/www.europesays.com\/pt\/wp-json\/wp\/v2\/posts"}],"about":[{"href":"https:\/\/www.europesays.com\/pt\/wp-json\/wp\/v2\/types\/post"}],"author":[{"embeddable":true,"href":"https:\/\/www.europesays.com\/pt\/wp-json\/wp\/v2\/users\/2"}],"replies":[{"embeddable":true,"href":"https:\/\/www.europesays.com\/pt\/wp-json\/wp\/v2\/comments?post=160715"}],"version-history":[{"count":0,"href":"https:\/\/www.europesays.com\/pt\/wp-json\/wp\/v2\/posts\/160715\/revisions"}],"wp:featuredmedia":[{"embeddable":true,"href":"https:\/\/www.europesays.com\/pt\/wp-json\/wp\/v2\/media\/160716"}],"wp:attachment":[{"href":"https:\/\/www.europesays.com\/pt\/wp-json\/wp\/v2\/media?parent=160715"}],"wp:term":[{"taxonomy":"category","embeddable":true,"href":"https:\/\/www.europesays.com\/pt\/wp-json\/wp\/v2\/categories?post=160715"},{"taxonomy":"post_tag","embeddable":true,"href":"https:\/\/www.europesays.com\/pt\/wp-json\/wp\/v2\/tags?post=160715"}],"curies":[{"name":"wp","href":"https:\/\/api.w.org\/{rel}","templated":true}]}}