{"id":160719,"date":"2025-11-22T01:19:11","date_gmt":"2025-11-22T01:19:11","guid":{"rendered":"https:\/\/www.europesays.com\/pt\/160719\/"},"modified":"2025-11-22T01:19:11","modified_gmt":"2025-11-22T01:19:11","slug":"grupo-de-amigos-ha-mais-de-30-anos-constroi-pequena-cidade-para-envelhecer-juntos-e-projeto-chama-atencao-pelo-charme-e-sustentabilidade","status":"publish","type":"post","link":"https:\/\/www.europesays.com\/pt\/160719\/","title":{"rendered":"Grupo de amigos h\u00e1 mais de 30 anos constr\u00f3i pequena \u201ccidade\u201d para envelhecer juntos, e projeto chama aten\u00e7\u00e3o pelo charme e sustentabilidade"},"content":{"rendered":"<p>                                O que come\u00e7ou como uma amizade de 30 anos virou uma vila pr\u00f3pria, cercada de natureza e feita para viver a vida com leveza<\/p>\n<p>                  <img decoding=\"async\" width=\"1008\" height=\"570\" src=\"https:\/\/www.europesays.com\/pt\/wp-content\/uploads\/2025\/11\/561e78b3dd089560578b46b4-e1763764842505.webp.webp\" class=\"img-fluid animate__animated animate__fadeIn skip-lazy wp-post-image\" alt=\"Amigos constroem vila\" fetchpriority=\"high\"  \/>                  (Foto: Reprodu\u00e7\u00e3o)<\/p>\n<p>Muita gente brinca sobre envelhecer ao lado dos amigos, mas poucos realmente transformam essa ideia em realidade.<\/p>\n<p>Um grupo de quatro casais do Texas, nos Estados Unidos, decidiu levar o plano a s\u00e9rio e criou o <strong>Bestie Row<\/strong>, uma pequena vila projetada para que todos pudessem viver pr\u00f3ximos, manter a conviv\u00eancia de d\u00e9cadas e aproveitar uma rotina tranquila \u00e0s margens do Rio Llano.<\/p>\n<p>O resultado ficou t\u00e3o bonito que viralizou em sites internacionais e acabou chamando aten\u00e7\u00e3o de viajantes, arquitetos e curiosos no mundo inteiro.<\/p>\n<p>A hist\u00f3ria come\u00e7ou depois de anos de viagens e encontros entre o grupo, que percebeu que queria continuar junto, mas sem abrir m\u00e3o da liberdade de cada casal.<\/p>\n<p>Surgiu ent\u00e3o a ideia de construir casas pequenas e modernas lado a lado, todas com espa\u00e7o suficiente para conforto, privacidade e aquela sensa\u00e7\u00e3o de \u201cvizinhan\u00e7a escolhida\u201d que raramente existe na vida adulta.<\/p>\n<blockquote class=\"instagram-media\" style=\"background: #FFF; border: 0; border-radius: 3px; box-shadow: 0 0 1px 0 rgba(0,0,0,0.5),0 1px 10px 0 rgba(0,0,0,0.15); margin: 1px; max-width: 540px; min-width: 326px; padding: 0; width: calc(100% - 2px);\" data-instgrm-permalink=\"https:\/\/www.instagram.com\/reel\/DQptY-3gKnF\/?utm_source=ig_embed&amp;utm_campaign=loading\" data-instgrm-version=\"14\">\n<\/blockquote>\n<p>Um projeto sustent\u00e1vel e integrado \u00e0 natureza<\/p>\n<p>As casas foram pensadas para serem bonitas, funcionais e sustent\u00e1veis. O telhado met\u00e1lico capta e reaproveita \u00e1gua da chuva, as paredes t\u00eam isolamento t\u00e9rmico eficiente e a constru\u00e7\u00e3o foi planejada para causar o m\u00ednimo impacto ambiental.<\/p>\n<p>O terreno amplo permite que a natureza fa\u00e7a parte do dia a dia, com \u00e1rvores nativas, gramados abertos e o rio cortando a paisagem logo adiante.<\/p>\n<p><img loading=\"lazy\" decoding=\"async\" class=\"size-full wp-image-704467\" src=\"https:\/\/www.europesays.com\/pt\/wp-content\/uploads\/2025\/11\/dc9f2ea7051e0af90423e639a2e56543-754x754-1.jpg\" alt=\"\" width=\"754\" height=\"754\"  \/><\/p>\n<p class=\"wp-caption-text\">(Foto: Reprodu\u00e7\u00e3o)<\/p>\n<p>Com o tempo, o pr\u00f3prio ambiente ganhou vida. Uma das moradoras, Jodi Zipp, contou em entrevista que a vila parece \u201cum filme da Disney\u201d, citando lebres, linces, veados e uma variedade enorme de p\u00e1ssaros que aparecem ao redor das casas.<\/p>\n<p>O cen\u00e1rio ficou t\u00e3o especial que parece ter sido desenhado para manter o grupo conectado ao que \u00e9 simples e essencial.<\/p>\n<p>Casas individuais, mas uma \u00e1rea comum cheia de vida<\/p>\n<p>Cada casal tem sua pr\u00f3pria casa, mas o cora\u00e7\u00e3o da vila \u00e9 a \u00e1rea comunit\u00e1ria, onde todos se encontram para cozinhar, conversar, relaxar e celebrar momentos especiais.<\/p>\n<p><img loading=\"lazy\" decoding=\"async\" class=\"size-full wp-image-704463\" src=\"https:\/\/www.europesays.com\/pt\/wp-content\/uploads\/2025\/11\/Bestie-row-tiny-homes-texas-ft.jpg\" alt=\"Amigos constroem vila\" width=\"1650\" height=\"1068\"  \/><\/p>\n<p class=\"wp-caption-text\">(Foto: Reprodu\u00e7\u00e3o)<\/p>\n<p>O espa\u00e7o serve como sala de estar ao ar livre, ponto de encontro e centro de conviv\u00eancia.<\/p>\n<p>Quando n\u00e3o est\u00e3o l\u00e1, os casais deixam parte da vila dispon\u00edvel para aluguel em plataformas como Airbnb e Booking, segundo as informa\u00e7\u00f5es das fontes consultadas.<\/p>\n<p>Isso faz com que o lugar tamb\u00e9m receba visitantes que desejam experimentar esse estilo de vida diferente e acolhedor.<\/p>\n<p>Viralizou e virou inspira\u00e7\u00e3o para muita gente<\/p>\n<p>Ap\u00f3s a divulga\u00e7\u00e3o do projeto, fotos da vila circularam por plataformas internacionais de arquitetura e lifestyle, mostrando a est\u00e9tica minimalista, as casas claras e alinhadas e o contraste com a paisagem texana. I<\/p>\n<p>magens da vila foram destaque em sites estrangeiros e ajudaram a espalhar a ideia de que envelhecer perto dos amigos n\u00e3o s\u00f3 \u00e9 poss\u00edvel como pode ser feito com estilo, funcionalidade e afeto.<\/p>\n<p><img loading=\"lazy\" decoding=\"async\" class=\"size-full wp-image-704466\" src=\"https:\/\/www.europesays.com\/pt\/wp-content\/uploads\/2025\/11\/Bestie-row-tiny-homes-texas-12.jpg\" alt=\"\" width=\"1517\" height=\"1010\"  \/><\/p>\n<p class=\"wp-caption-text\">(Foto: Reprodu\u00e7\u00e3o)<\/p>\n<p>Um estilo de vida escolhido<\/p>\n<p>Mais do que uma constru\u00e7\u00e3o bonita, o Bestie Row representa uma decis\u00e3o de vida. Em vez de se afastarem com o passar dos anos, os quatro casais criaram um espa\u00e7o onde a amizade continua sendo prioridade.<\/p>\n<p>A vila n\u00e3o \u00e9 apenas um lugar para morar \u2014 \u00e9 um s\u00edmbolo de conviv\u00eancia, parceria e continuidade, mostrando que \u00e9 poss\u00edvel construir uma hist\u00f3ria coletiva mesmo na fase adulta.<\/p>\n<p>Siga o<strong>\u00a0Portal 6<\/strong>\u00a0no<a href=\"https:\/\/news.google.com\/publications\/CAAqKQgKIiNDQklTRkFnTWFoQUtEbkJ2Y25SaGJEWXVZMjl0TG1KeUtBQVAB\/sections\/CAQifkNCSVNXRG9pWjJGeVlXMXZibVJmY0hWaWJHbHphR1Z5WDNObFkzUnBiMjVmWldScGRHbHZia0lhWjJGeVlXMXZibVJmY0hWaWJHbHphR1Z5WDNObFkzUnBiMjV5RmdvVUNoSkhRVkpCVFU5T1JGOUdWVXhNWDA1QlRVVW9BQSotCAAqKQgKIiNDQklTRkFnTWFoQUtEbkJ2Y25SaGJEWXVZMjl0TG1KeUtBQVABUAE?ceid=BR:pt-419&amp;oc=3\" rel=\"nofollow noopener\" target=\"_blank\">\u00a0Google News<\/a> fique por dentro de tudo!<\/p>\n<p>                              <script async src=\"\/\/www.instagram.com\/embed.js\"><\/script><\/p>\n","protected":false},"excerpt":{"rendered":"O que come\u00e7ou como uma amizade de 30 anos virou uma vila pr\u00f3pria, cercada de natureza e feita&hellip;\n","protected":false},"author":2,"featured_media":160720,"comment_status":"","ping_status":"","sticky":false,"template":"","format":"standard","meta":{"footnotes":""},"categories":[144],"tags":[207,205,206,203,201,202,204,114,115,32,33],"class_list":{"0":"post-160719","1":"post","2":"type-post","3":"status-publish","4":"format-standard","5":"has-post-thumbnail","7":"category-arte-e-design","8":"tag-arte","9":"tag-arte-e-design","10":"tag-artedesign","11":"tag-arts","12":"tag-arts-and-design","13":"tag-artsanddesign","14":"tag-design","15":"tag-entertainment","16":"tag-entretenimento","17":"tag-portugal","18":"tag-pt"},"share_on_mastodon":{"url":"https:\/\/pubeurope.com\/@pt\/115590723500725230","error":""},"_links":{"self":[{"href":"https:\/\/www.europesays.com\/pt\/wp-json\/wp\/v2\/posts\/160719","targetHints":{"allow":["GET"]}}],"collection":[{"href":"https:\/\/www.europesays.com\/pt\/wp-json\/wp\/v2\/posts"}],"about":[{"href":"https:\/\/www.europesays.com\/pt\/wp-json\/wp\/v2\/types\/post"}],"author":[{"embeddable":true,"href":"https:\/\/www.europesays.com\/pt\/wp-json\/wp\/v2\/users\/2"}],"replies":[{"embeddable":true,"href":"https:\/\/www.europesays.com\/pt\/wp-json\/wp\/v2\/comments?post=160719"}],"version-history":[{"count":0,"href":"https:\/\/www.europesays.com\/pt\/wp-json\/wp\/v2\/posts\/160719\/revisions"}],"wp:featuredmedia":[{"embeddable":true,"href":"https:\/\/www.europesays.com\/pt\/wp-json\/wp\/v2\/media\/160720"}],"wp:attachment":[{"href":"https:\/\/www.europesays.com\/pt\/wp-json\/wp\/v2\/media?parent=160719"}],"wp:term":[{"taxonomy":"category","embeddable":true,"href":"https:\/\/www.europesays.com\/pt\/wp-json\/wp\/v2\/categories?post=160719"},{"taxonomy":"post_tag","embeddable":true,"href":"https:\/\/www.europesays.com\/pt\/wp-json\/wp\/v2\/tags?post=160719"}],"curies":[{"name":"wp","href":"https:\/\/api.w.org\/{rel}","templated":true}]}}