{"id":160721,"date":"2025-11-22T01:21:23","date_gmt":"2025-11-22T01:21:23","guid":{"rendered":"https:\/\/www.europesays.com\/pt\/160721\/"},"modified":"2025-11-22T01:21:23","modified_gmt":"2025-11-22T01:21:23","slug":"casados-a-primeira-vista-surpresa-rafaela-partilha-novidade-que-envolve-carlos-dia-mais-feliz-da-minha-vida","status":"publish","type":"post","link":"https:\/\/www.europesays.com\/pt\/160721\/","title":{"rendered":"Casados \u00e0 Primeira Vista &#8211; Surpresa! Rafaela partilha novidade que envolve Carlos: &#8220;Dia mais feliz da minha vida&#8221;"},"content":{"rendered":"<p>A quinta temporada de <strong>Casados \u00e0 Primeira Vista<\/strong>, da <strong>SIC<\/strong>, terminou h\u00e1 cinco meses, mas <strong>Rafaela Resende<\/strong> ainda estava &#8216;conectada&#8217; a <strong>Carlos Castanheira<\/strong>, apesar de se terem separado perto da final.<\/p>\n<p>A verdade \u00e9 que os dois concorrentes permaneceram casados, mesmo depois do formato chegar ao fim. Mas tudo mudou esta quinta-feira, 20 de novembro, dia em que a setubalense recebeu boas not\u00edcias.<\/p>\n<blockquote>\n<p>Leia mais: Casados \u00e0 Primeira Vista &#8211; <a href=\"https:\/\/www.novagente.pt\/casados-primeira-vista-hugo-faz-video-de-raquel-beijar-outra-mulher-ela-reage-pessoa-esta\" rel=\"nofollow noopener\" target=\"_blank\">Hugo faz v\u00eddeo de Raquel a beijar outra mulher e ela reage: &#8220;A pessoa est\u00e1 desesperada&#8221;<\/a><\/p>\n<\/blockquote>\n<p>Nas stories do Instagram, Rafaela revelou aos seguidores que acabara de receber um documento que confirma o fim do casamento com Carlos.<\/p>\n<p><strong>&#8220;Quando vos disserem que o dia do div\u00f3rcio \u00e9 um dia triste, mostrem-lhes o meu exemplo.\u00a0Hoje foi o dia mais feliz da minha vida at\u00e9 ent\u00e3o&#8221;<\/strong>, escreveu na legenda.<\/p>\n<p>E Rafaela comemorou o fim do casamento de uma forma muito doce! <strong>&#8220;Para os que me chamavam gorda, miss piggy, etc&#8230; na Internet, \u00e9 s\u00f3 para saberem que vim comemorar o meu div\u00f3rcio com um crepe&#8221;<\/strong>, acrescentou.<\/p>\n<p>Raquel fala sobre a trai\u00e7\u00e3o de Hugo durante o Casados \u00e0 Primeira Vista<\/p>\n<p>Texto: Lu\u00eds Sigorro; Fotos: Redes sociais<\/p>\n<p class=\"intagram-text\">Siga a Nova Gente no Instagram<\/p>\n<p>                        <a href=\"https:\/\/www.instagram.com\/revistanovagente\/\" target=\"_blank\" aria-label=\"instagram\" rel=\"noopener nofollow\"><img decoding=\"async\" style=\"display: block; margin-left: auto; margin-right: auto; width: 250px; height: 83px;\" src=\"https:\/\/www.europesays.com\/pt\/wp-content\/uploads\/2025\/11\/Instagram_NG.png\" alt=\"instagram\"\/><\/a><br \/>\n                    <script async src=\"\/\/www.instagram.com\/embed.js\"><\/script><\/p>\n","protected":false},"excerpt":{"rendered":"A quinta temporada de Casados \u00e0 Primeira Vista, da SIC, terminou h\u00e1 cinco meses, mas Rafaela Resende ainda&hellip;\n","protected":false},"author":2,"featured_media":160722,"comment_status":"","ping_status":"","sticky":false,"template":"","format":"standard","meta":{"footnotes":""},"categories":[142],"tags":[34171,5934,114,115,32,33,34170,151],"class_list":{"0":"post-160721","1":"post","2":"type-post","3":"status-publish","4":"format-standard","5":"has-post-thumbnail","7":"category-tv","8":"tag-carlos-castanheira","9":"tag-casados-a-primeira-vista","10":"tag-entertainment","11":"tag-entretenimento","12":"tag-portugal","13":"tag-pt","14":"tag-rafaela-resende","15":"tag-tv"},"share_on_mastodon":{"url":"https:\/\/pubeurope.com\/@pt\/115590731276827037","error":""},"_links":{"self":[{"href":"https:\/\/www.europesays.com\/pt\/wp-json\/wp\/v2\/posts\/160721","targetHints":{"allow":["GET"]}}],"collection":[{"href":"https:\/\/www.europesays.com\/pt\/wp-json\/wp\/v2\/posts"}],"about":[{"href":"https:\/\/www.europesays.com\/pt\/wp-json\/wp\/v2\/types\/post"}],"author":[{"embeddable":true,"href":"https:\/\/www.europesays.com\/pt\/wp-json\/wp\/v2\/users\/2"}],"replies":[{"embeddable":true,"href":"https:\/\/www.europesays.com\/pt\/wp-json\/wp\/v2\/comments?post=160721"}],"version-history":[{"count":0,"href":"https:\/\/www.europesays.com\/pt\/wp-json\/wp\/v2\/posts\/160721\/revisions"}],"wp:featuredmedia":[{"embeddable":true,"href":"https:\/\/www.europesays.com\/pt\/wp-json\/wp\/v2\/media\/160722"}],"wp:attachment":[{"href":"https:\/\/www.europesays.com\/pt\/wp-json\/wp\/v2\/media?parent=160721"}],"wp:term":[{"taxonomy":"category","embeddable":true,"href":"https:\/\/www.europesays.com\/pt\/wp-json\/wp\/v2\/categories?post=160721"},{"taxonomy":"post_tag","embeddable":true,"href":"https:\/\/www.europesays.com\/pt\/wp-json\/wp\/v2\/tags?post=160721"}],"curies":[{"name":"wp","href":"https:\/\/api.w.org\/{rel}","templated":true}]}}