{"id":160743,"date":"2025-11-22T01:53:08","date_gmt":"2025-11-22T01:53:08","guid":{"rendered":"https:\/\/www.europesays.com\/pt\/160743\/"},"modified":"2025-11-22T01:53:08","modified_gmt":"2025-11-22T01:53:08","slug":"a-protegida-afinal-jd-esqueceu-se-de-tudo-sobre-o-passado-tvi","status":"publish","type":"post","link":"https:\/\/www.europesays.com\/pt\/160743\/","title":{"rendered":"A Protegida: Afinal, JD esqueceu-se de tudo sobre o passado &#8211; TVI"},"content":{"rendered":"<ol>\n<li><a href=\"https:\/\/news.google.com\/rss\/articles\/CBMitwFBVV95cUxONEs5WEtfdXNPM25vRHdRY24xa3JnTFZoeFBJejZHQzNfN1p6RmEtTm9RdTNoZjVEUWVzXzBDb3hhLXpaLU5xbG8yRmU5NUxoTU5xUkRTWDZmdmp2c3lhV2N2enh0ajdabFpxU3UzdmhVN0t0aVgwYWlDV004UEgtNmYzQlcyamx5WVFIczYxeFB0bElTb21kUzkxM0NWaUdENko5MXRRS205dk5WekI5S1lacTlqLUU?oc=5\" target=\"_blank\" rel=\"nofollow noopener\">A Protegida: Afinal, JD esqueceu-se de tudo sobre o passado<\/a>&nbsp;&nbsp;TVI<\/li>\n<li><a href=\"https:\/\/news.google.com\/rss\/articles\/CBMisAFBVV95cUxPNEFzRkIxTWdUVXJjUWxQRFFRQjd2RjBJcmhJQkRZUV9hUzRTQVFaUWp4bF93dlhuTVNZSFRXejRZcy1UZ19EdF9DN2VoQlFaZkdUczJ5Nlh1X2tDY1ZlMmVMSllPUVlvVk1VTFhwZXNNZ3VpSHZSMVNrZ0ZhNmwyQWxhMEU5RUVaeG5yYmxWaVhOdldPX19SUG5ZLU9LUEh5VjAtVF9QajRFT2Z0dWVUVw?oc=5\" target=\"_blank\" rel=\"nofollow noopener\">A Protegida: Mariana e Laura vende a f\u00e1brica a pessoa impens\u00e1vel<\/a>&nbsp;&nbsp;Maria.pt<\/li>\n<li><a href=\"https:\/\/news.google.com\/rss\/articles\/CBMisAFBVV95cUxOUjl2alNKTFRPQ2NPOVZwTDl2aUp4bnNnSnBWNHJlM1VGVFJYQkdSSzFieko1eEhYb0JqWXNPSkJ6VVFfR0lFSW1zTTZLYVJwUHZ0aE92RjE5X3U0S19fSmxWb2I1QlBacFUzbG50V3NuV0cwOHBIZGh1N21HWU1ZQTBUUGNuVkY5LUxUMnRvNFhiTjM1QUxPMUJjZi1jU0ZsZDItaFlZX3dQT0JlWjVmZQ?oc=5\" target=\"_blank\" rel=\"nofollow noopener\">A Protegida: Afinal, JD n\u00e3o morreu e n\u00e3o imagina quem \u00e9 a sua nova namorada<\/a>&nbsp;&nbsp;TV Guia.pt<\/li>\n<li><a href=\"https:\/\/news.google.com\/rss\/articles\/CBMiuAFBVV95cUxNdi16UEstTTE5Z1VMTmV3NlIxU08ydE9tM3R4S2YwMG8zMUwxNF9Lal81N3VsdTBlalk5YWpkMEttRmZzeHBpYkpEYmxKZjQxUEEtdk5CUU1HZ1BQWHBVaTZ0bElwYzBjbHhRSlJLdjFmTTc2QUMyQV9yM0hVMkJISU5QTmlra1k1MkJvR2x0OFVkcHpBSUdpc2dtV0c0WHVueF9ub3JjMERMeFlOVTlLeDVqTTAtcTFJ?oc=5\" target=\"_blank\" rel=\"nofollow noopener\">A Protegida: A carta de despedida que Mariana recebeu de JD<\/a>&nbsp;&nbsp;TVI<\/li>\n<li><a href=\"https:\/\/news.google.com\/rss\/articles\/CBMiwgFBVV95cUxOUF9pUGhOdGRiS2M4UWQwQkpPTHE4NWlwYk1jbXFNWXMtc3d0SXZLWm1qM1hxaE9kdUFkWmdxVFhLRlJycmVmQ1k4X2s3TS1xcGY3TE55bnViSE9icjVOdXNIZjM3TThZZWJUelk2dWR2dUQ4OEh5Mm5GVlJ2YW5qUDE1cmdjYWk5VnlWd25HUEdWMnFyXzR2TFRoNUZ6R01HWEowaldjc1hmQzU4ZHZRN0tCWFRnbGhXVlZRNldSSTlxUQ?oc=5\" target=\"_blank\" rel=\"nofollow noopener\">Mariana: \u00abRecuso-me a falar do JD como se fosse um assunto arrumado\u00bb<\/a>&nbsp;&nbsp;TVI<\/li>\n<\/ol>\n","protected":false},"excerpt":{"rendered":"A Protegida: Afinal, JD esqueceu-se de tudo sobre o passado&nbsp;&nbsp;TVI A Protegida: Mariana e Laura vende a f\u00e1brica&hellip;\n","protected":false},"author":2,"featured_media":160744,"comment_status":"","ping_status":"","sticky":false,"template":"","format":"standard","meta":{"footnotes":""},"categories":[142],"tags":[168,160,166,114,115,157,167,164,2931,161,158,165,159,32,33,156,163,151,162],"class_list":{"0":"post-160743","1":"post","2":"type-post","3":"status-publish","4":"format-standard","5":"has-post-thumbnail","7":"category-tv","8":"tag-a-protegida","9":"tag-ana-guiomar","10":"tag-cristina-ferreira","11":"tag-entertainment","12":"tag-entretenimento","13":"tag-festa-e-festa","14":"tag-ficcao","15":"tag-jose-fidalgo","16":"tag-novela","17":"tag-novelas","18":"tag-para-sempre","19":"tag-pedro-sousa","20":"tag-pedro-teixeira","21":"tag-portugal","22":"tag-pt","23":"tag-queridos-papas","24":"tag-tiago-teotonio-pereira","25":"tag-tv","26":"tag-tvi"},"share_on_mastodon":{"url":"https:\/\/pubeurope.com\/@pt\/115590856907528945","error":""},"_links":{"self":[{"href":"https:\/\/www.europesays.com\/pt\/wp-json\/wp\/v2\/posts\/160743","targetHints":{"allow":["GET"]}}],"collection":[{"href":"https:\/\/www.europesays.com\/pt\/wp-json\/wp\/v2\/posts"}],"about":[{"href":"https:\/\/www.europesays.com\/pt\/wp-json\/wp\/v2\/types\/post"}],"author":[{"embeddable":true,"href":"https:\/\/www.europesays.com\/pt\/wp-json\/wp\/v2\/users\/2"}],"replies":[{"embeddable":true,"href":"https:\/\/www.europesays.com\/pt\/wp-json\/wp\/v2\/comments?post=160743"}],"version-history":[{"count":0,"href":"https:\/\/www.europesays.com\/pt\/wp-json\/wp\/v2\/posts\/160743\/revisions"}],"wp:featuredmedia":[{"embeddable":true,"href":"https:\/\/www.europesays.com\/pt\/wp-json\/wp\/v2\/media\/160744"}],"wp:attachment":[{"href":"https:\/\/www.europesays.com\/pt\/wp-json\/wp\/v2\/media?parent=160743"}],"wp:term":[{"taxonomy":"category","embeddable":true,"href":"https:\/\/www.europesays.com\/pt\/wp-json\/wp\/v2\/categories?post=160743"},{"taxonomy":"post_tag","embeddable":true,"href":"https:\/\/www.europesays.com\/pt\/wp-json\/wp\/v2\/tags?post=160743"}],"curies":[{"name":"wp","href":"https:\/\/api.w.org\/{rel}","templated":true}]}}