{"id":160745,"date":"2025-11-22T01:56:16","date_gmt":"2025-11-22T01:56:16","guid":{"rendered":"https:\/\/www.europesays.com\/pt\/160745\/"},"modified":"2025-11-22T01:56:16","modified_gmt":"2025-11-22T01:56:16","slug":"vitamina-dragao-fecha-o-ano-fc-porto","status":"publish","type":"post","link":"https:\/\/www.europesays.com\/pt\/160745\/","title":{"rendered":"Vitamina Drag\u00e3o fecha o ano &#8211; FC Porto"},"content":{"rendered":"<p>                    21 novembro 2025 &#8211; 03:33<\/p>\n<p>Equipa de Francesco Farioli tem j\u00e1 quatro jogos de rajada em casa em outras tantas frentes. Lar tem dado conforto<\/p>\n<p class=\"\">&#13;<br \/>\n        Depois de no primeiro ter\u00e7o da \u00e9poca a equipa de Francesco Farioli ter passado a maior parte do tempo fora do Drag\u00e3o e, ainda assim, com os bons resultados que se conhecem, j\u00e1 que lidera o campeonato de forma isolada e est\u00e1 bem posicionada para seguir em frente na Liga Europa, o ciclo competitivo que vai come\u00e7ar amanh\u00e3 poupa os jogadores a constantes viagens. Isto porque o calend\u00e1rio contempla sete jogos na Invicta entre os nove que os drag\u00f5es v\u00e3o realizar at\u00e9 ao final de 2025.&#13;\n    <\/p>\n<p>                        Para ler TODOS OS ARTIGOS RECORD PREMIUM durante o dia 22.11.2025 insira o seu n\u00famero de telem\u00f3vel e clique em OK<\/p>\n<p>Consulte a aplica\u00e7\u00e3o MBway no seu telem\u00f3vel e aceite a transa\u00e7\u00e3o&#13;\n                    <\/p>\n<p>                        Os seus dados n\u00e3o ser\u00e3o guardados pelo Record<\/p>\n<p>                    Por Rui Sousa<\/p>\n","protected":false},"excerpt":{"rendered":"21 novembro 2025 &#8211; 03:33 Equipa de Francesco Farioli tem j\u00e1 quatro jogos de rajada em casa em&hellip;\n","protected":false},"author":2,"featured_media":160746,"comment_status":"","ping_status":"","sticky":false,"template":"","format":"standard","meta":{"footnotes":""},"categories":[87],"tags":[135,32,33,134],"class_list":{"0":"post-160745","1":"post","2":"type-post","3":"status-publish","4":"format-standard","5":"has-post-thumbnail","7":"category-desporto","8":"tag-desporto","9":"tag-portugal","10":"tag-pt","11":"tag-sports"},"share_on_mastodon":{"url":"https:\/\/pubeurope.com\/@pt\/115590868739930265","error":""},"_links":{"self":[{"href":"https:\/\/www.europesays.com\/pt\/wp-json\/wp\/v2\/posts\/160745","targetHints":{"allow":["GET"]}}],"collection":[{"href":"https:\/\/www.europesays.com\/pt\/wp-json\/wp\/v2\/posts"}],"about":[{"href":"https:\/\/www.europesays.com\/pt\/wp-json\/wp\/v2\/types\/post"}],"author":[{"embeddable":true,"href":"https:\/\/www.europesays.com\/pt\/wp-json\/wp\/v2\/users\/2"}],"replies":[{"embeddable":true,"href":"https:\/\/www.europesays.com\/pt\/wp-json\/wp\/v2\/comments?post=160745"}],"version-history":[{"count":0,"href":"https:\/\/www.europesays.com\/pt\/wp-json\/wp\/v2\/posts\/160745\/revisions"}],"wp:featuredmedia":[{"embeddable":true,"href":"https:\/\/www.europesays.com\/pt\/wp-json\/wp\/v2\/media\/160746"}],"wp:attachment":[{"href":"https:\/\/www.europesays.com\/pt\/wp-json\/wp\/v2\/media?parent=160745"}],"wp:term":[{"taxonomy":"category","embeddable":true,"href":"https:\/\/www.europesays.com\/pt\/wp-json\/wp\/v2\/categories?post=160745"},{"taxonomy":"post_tag","embeddable":true,"href":"https:\/\/www.europesays.com\/pt\/wp-json\/wp\/v2\/tags?post=160745"}],"curies":[{"name":"wp","href":"https:\/\/api.w.org\/{rel}","templated":true}]}}