{"id":160805,"date":"2025-11-22T04:10:10","date_gmt":"2025-11-22T04:10:10","guid":{"rendered":"https:\/\/www.europesays.com\/pt\/160805\/"},"modified":"2025-11-22T04:10:10","modified_gmt":"2025-11-22T04:10:10","slug":"manel-rosa-deixa-teoria-apos-ter-sido-cobrado-por-gelo-ate-as-tascas-ja-estao-feitas-para-os-turistas","status":"publish","type":"post","link":"https:\/\/www.europesays.com\/pt\/160805\/","title":{"rendered":"Manel Rosa deixa \u2018teoria\u2019 ap\u00f3s ter sido cobrado por gelo: \u201cAt\u00e9 as tascas j\u00e1 est\u00e3o feitas para os turistas\u201d"},"content":{"rendered":"<p>No novo epis\u00f3dio de Irrita\u00e7\u00f5es, <strong>Lu\u00eds Pedro Nunes<\/strong> fala sobre o que se escreveu em torno da r\u00e1pida passagem de Greta Thunberg, ativista sueca, pelo Entroncamento. A jovem foi \u2018apanhada\u2019 por um jornal local, com uma publica\u00e7\u00e3o, nas redes sociais, a disparar numa onda de \u00f3dio: \u201cChoca-me. Ela ainda \u00e9 uma mi\u00fada. Um adulto com um m\u00ednimo de dec\u00eancia deveria perceber que n\u00e3o pode atacar assim\u201d. <strong>Luana do Bem <\/strong>comenta a not\u00edcia \u2018viral\u2019 sobre o t\u00f3pico \u201ctomar banho de manh\u00e3 ou \u00e0 noite\u201d e n\u00e3o esconde a sua irrita\u00e7\u00e3o: \u201cN\u00e3o consigo perceber estes estudos que dizem tudo o que uma crian\u00e7a de quatro anos j\u00e1 sabe\u201d. <strong>Manel Rosa<\/strong>, convidado, mostra-se \u2018perplexo\u2019 por ter sido cobrado por gelo numa bebida, com <strong>Jos\u00e9 de Pina<\/strong> a deixar novos ataques ao padel, a Rosal\u00eda, e \u00e0s dan\u00e7as de Santana Lopes. Com modera\u00e7\u00e3o de <strong>Pedro Boucherie Mendes<\/strong>, o Irrita\u00e7\u00f5es foi emitido a 21 de novembro, na SIC Radical.<\/p>\n<p>* A sinopse deste epis\u00f3dio foi criada com o apoio de IA<\/p>\n<p>Tiago Bettencourt<\/p>\n<p>Jo\u00e3o Hasselberg<\/p>\n<p>Jos\u00e9 Fonseca Fernandes<\/p>\n<p class=\"category\"><a href=\"https:\/\/expresso.pt\/podcasts\/o-tal-podcast\" rel=\"nofollow noopener\" target=\"_blank\">O Tal Podcast<\/a><\/p>\n<p class=\"follow-link\"><a href=\"https:\/\/expresso.pt\/podcasts\/o-tal-podcast\/2025-11-20-dizem-me-tu-es-diferente-contigo-da-para-falar.-e-eu-questiono-sou-diferente-ou-tu-e-que-nao-tentaste-falar-com-mais-pretos--6a4e88ea\" rel=\"canonical nofollow noopener\" target=\"_blank\">Leia tamb\u00e9m<\/a><\/p>\n<p>Um programa com muita controv\u00e9rsia, algum humor e bastante ironia. Jos\u00e9 de Pina, Lu\u00eds Pedro Nunes e Luana do Bem debatem em est\u00fadio com Pedro Boucherie Mendes sobre aquilo que os irrita de forma geral e em particular. Ou\u00e7a mais epis\u00f3dios:<\/p>\n<p class=\"category\"><a href=\"https:\/\/expresso.pt\/podcasts\/assim-vamos-ter-de-falar-de-outra-maneira\" rel=\"nofollow noopener\" target=\"_blank\">Assim Vamos Ter de Falar de Outra Maneira<\/a><\/p>\n<p class=\"follow-link\"><a href=\"https:\/\/expresso.pt\/podcasts\/assim-vamos-ter-de-falar-de-outra-maneira\/2025-11-19-estou-muito-satisfeito-por-ser-careca.-eu-olho-para-fotografias-antigas-e-penso-isto-era-estupido-agora-e-que-e-bom-b56e4cfb\" rel=\"canonical nofollow noopener\" target=\"_blank\">Leia tamb\u00e9m<\/a><\/p>\n","protected":false},"excerpt":{"rendered":"No novo epis\u00f3dio de Irrita\u00e7\u00f5es, Lu\u00eds Pedro Nunes fala sobre o que se escreveu em torno da r\u00e1pida&hellip;\n","protected":false},"author":2,"featured_media":160806,"comment_status":"","ping_status":"","sticky":false,"template":"","format":"standard","meta":{"footnotes":""},"categories":[145],"tags":[211,210,114,115,32,33],"class_list":{"0":"post-160805","1":"post","2":"type-post","3":"status-publish","4":"format-standard","5":"has-post-thumbnail","7":"category-celebridades","8":"tag-celebridades","9":"tag-celebrities","10":"tag-entertainment","11":"tag-entretenimento","12":"tag-portugal","13":"tag-pt"},"share_on_mastodon":{"url":"https:\/\/pubeurope.com\/@pt\/115591395785314550","error":""},"_links":{"self":[{"href":"https:\/\/www.europesays.com\/pt\/wp-json\/wp\/v2\/posts\/160805","targetHints":{"allow":["GET"]}}],"collection":[{"href":"https:\/\/www.europesays.com\/pt\/wp-json\/wp\/v2\/posts"}],"about":[{"href":"https:\/\/www.europesays.com\/pt\/wp-json\/wp\/v2\/types\/post"}],"author":[{"embeddable":true,"href":"https:\/\/www.europesays.com\/pt\/wp-json\/wp\/v2\/users\/2"}],"replies":[{"embeddable":true,"href":"https:\/\/www.europesays.com\/pt\/wp-json\/wp\/v2\/comments?post=160805"}],"version-history":[{"count":0,"href":"https:\/\/www.europesays.com\/pt\/wp-json\/wp\/v2\/posts\/160805\/revisions"}],"wp:featuredmedia":[{"embeddable":true,"href":"https:\/\/www.europesays.com\/pt\/wp-json\/wp\/v2\/media\/160806"}],"wp:attachment":[{"href":"https:\/\/www.europesays.com\/pt\/wp-json\/wp\/v2\/media?parent=160805"}],"wp:term":[{"taxonomy":"category","embeddable":true,"href":"https:\/\/www.europesays.com\/pt\/wp-json\/wp\/v2\/categories?post=160805"},{"taxonomy":"post_tag","embeddable":true,"href":"https:\/\/www.europesays.com\/pt\/wp-json\/wp\/v2\/tags?post=160805"}],"curies":[{"name":"wp","href":"https:\/\/api.w.org\/{rel}","templated":true}]}}