{"id":160807,"date":"2025-11-22T04:11:28","date_gmt":"2025-11-22T04:11:28","guid":{"rendered":"https:\/\/www.europesays.com\/pt\/160807\/"},"modified":"2025-11-22T04:11:28","modified_gmt":"2025-11-22T04:11:28","slug":"fracoes-intimas-da-vida-a-acontecer-o-olhar-meio-errado-de-helena-ramos-em-serralves","status":"publish","type":"post","link":"https:\/\/www.europesays.com\/pt\/160807\/","title":{"rendered":"Fra\u00e7\u00f5es \u00edntimas da vida a acontecer: o olhar \u201cmeio errado\u201d de Helena Ramos em Serralves"},"content":{"rendered":"<p class=\"texto\">As abelhas de Helena Ramos n\u00e3o produzem mel. Produzem comunidade. O olhar obl\u00edquo e pr\u00f3ximo da jovem fot\u00f3grafa brasileira reflete intimidade e empatia, como se cada fotografia convidasse o visitante a percorrer diferentes formas de sociabilidade. As 138 imagens anal\u00f3gicas da artista surgem como fragmentos de um mesmo filme: registam a efervescente vida noturna de S\u00e3o Paulo, festas de anivers\u00e1rio, concertos e desfiles de moda, paisagens e viagens, arquitetura, corpos em movimento, gestos quase invis\u00edveis. Muitos momentos s\u00e3o captados como acidentes, varia\u00e7\u00f5es de luz ou cores inesperadas, transformando-se em elementos expressivos da imagem. No Museu de Serralves, a paulista de 26 anos, vencedora da 17\u00aa edi\u00e7\u00e3o do Pr\u00e9mio Novo Banco Revela\u00e7\u00e3o, apresenta a sua primeira exposi\u00e7\u00e3o individual \u2014 um arquivo de encontros convertido numa reflex\u00e3o sobre viver em comunidade.<\/p>\n<p><a href=\"https:\/\/expresso.pt\/subscrever?action=GEN&amp;channel=VID&amp;type=CAP&amp;source=WEB&amp;returnUrl=https:\/\/expresso.pt\/revista\/culturas\/2025-11-20-fracoes-intimas-da-vida-a-acontecer-o-olhar-meio-errado-de-helena-ramos-em-serralves-17c97c33&amp;utm_source=expresso&amp;utm_medium=locked_article&amp;locked=true&amp;article_id=0db721ee-e414-45e1-a084-73b9ccc04835&amp;author_id=Andr\u00e9+Manuel+Correia,Rui+Duarte+Silva&amp;category=Culturas\" target=\"_self\" class=\"\" rel=\"nofollow noopener\">Subscrever<\/a>J\u00e1 \u00e9 Subscritor?Fa\u00e7a login e continue a ler<a href=\"http:\/\/expresso.pt\/codigo?redirectUrl=https:\/\/expresso.pt\/revista\/culturas\/2025-11-20-fracoes-intimas-da-vida-a-acontecer-o-olhar-meio-errado-de-helena-ramos-em-serralves-17c97c33\" target=\"_self\" class=\"\" rel=\"nofollow noopener\">Inserir C\u00f3digo<\/a>Comprou o Expresso?Insira o c\u00f3digo presente na Revista E para continuar a ler<\/p>\n","protected":false},"excerpt":{"rendered":"As abelhas de Helena Ramos n\u00e3o produzem mel. Produzem comunidade. O olhar obl\u00edquo e pr\u00f3ximo da jovem fot\u00f3grafa&hellip;\n","protected":false},"author":2,"featured_media":160808,"comment_status":"","ping_status":"","sticky":false,"template":"","format":"standard","meta":{"footnotes":""},"categories":[144],"tags":[207,205,206,203,201,202,204,114,115,32,33],"class_list":{"0":"post-160807","1":"post","2":"type-post","3":"status-publish","4":"format-standard","5":"has-post-thumbnail","7":"category-arte-e-design","8":"tag-arte","9":"tag-arte-e-design","10":"tag-artedesign","11":"tag-arts","12":"tag-arts-and-design","13":"tag-artsanddesign","14":"tag-design","15":"tag-entertainment","16":"tag-entretenimento","17":"tag-portugal","18":"tag-pt"},"share_on_mastodon":{"url":"https:\/\/pubeurope.com\/@pt\/115591399572204725","error":""},"_links":{"self":[{"href":"https:\/\/www.europesays.com\/pt\/wp-json\/wp\/v2\/posts\/160807","targetHints":{"allow":["GET"]}}],"collection":[{"href":"https:\/\/www.europesays.com\/pt\/wp-json\/wp\/v2\/posts"}],"about":[{"href":"https:\/\/www.europesays.com\/pt\/wp-json\/wp\/v2\/types\/post"}],"author":[{"embeddable":true,"href":"https:\/\/www.europesays.com\/pt\/wp-json\/wp\/v2\/users\/2"}],"replies":[{"embeddable":true,"href":"https:\/\/www.europesays.com\/pt\/wp-json\/wp\/v2\/comments?post=160807"}],"version-history":[{"count":0,"href":"https:\/\/www.europesays.com\/pt\/wp-json\/wp\/v2\/posts\/160807\/revisions"}],"wp:featuredmedia":[{"embeddable":true,"href":"https:\/\/www.europesays.com\/pt\/wp-json\/wp\/v2\/media\/160808"}],"wp:attachment":[{"href":"https:\/\/www.europesays.com\/pt\/wp-json\/wp\/v2\/media?parent=160807"}],"wp:term":[{"taxonomy":"category","embeddable":true,"href":"https:\/\/www.europesays.com\/pt\/wp-json\/wp\/v2\/categories?post=160807"},{"taxonomy":"post_tag","embeddable":true,"href":"https:\/\/www.europesays.com\/pt\/wp-json\/wp\/v2\/tags?post=160807"}],"curies":[{"name":"wp","href":"https:\/\/api.w.org\/{rel}","templated":true}]}}