{"id":160821,"date":"2025-11-22T04:52:12","date_gmt":"2025-11-22T04:52:12","guid":{"rendered":"https:\/\/www.europesays.com\/pt\/160821\/"},"modified":"2025-11-22T04:52:12","modified_gmt":"2025-11-22T04:52:12","slug":"giovanna-ewbank-faz-arrume-se-comigo-e-curte-karaoke-no-japao-com-bruno-gagliasso","status":"publish","type":"post","link":"https:\/\/www.europesays.com\/pt\/160821\/","title":{"rendered":"Giovanna Ewbank faz &#8221;arrume-se comigo&#8221; e curte karaok\u00ea no Jap\u00e3o com Bruno Gagliasso"},"content":{"rendered":"\n<p class=\" content-text__container \" data-track-category=\"Link no Texto\" data-track-links=\"\"> Os dois tamb\u00e9m fizeram um &#8221;arrume-se comigo&#8221; para curtir o primeiro dia: &#8221;Tokyo, primeiro dia com lookinho confort\u00e1vel pra poder andar pela cidade toda!!! E a\u00ed? YES or NOT??? Eu ameeei. PERGUNTA: vcs preferem o v\u00eddeo de look falando e explicando, ou s\u00f3 com as m\u00fasicas que costumo fazer sem falar???&#8221;, escreveu ela na legenda da publica\u00e7\u00e3o feita no Reels do Instagram. <\/p>\n<p class=\" content-text__container \" data-track-category=\"Link no Texto\" data-track-links=\"\"> Bruno e Giovanna est\u00e3o hospedados no hotel Four Seasons Hotel Tokyo at Otemachi, que conta com uma di\u00e1ria no valor de aproximadamente \u00a5562,420 (moeda local), o equivalente a cerca de R$ 19,5 mil na cota\u00e7\u00e3o atual. <\/p>\n","protected":false},"excerpt":{"rendered":"Os dois tamb\u00e9m fizeram um &#8221;arrume-se comigo&#8221; para curtir o primeiro dia: &#8221;Tokyo, primeiro dia com lookinho confort\u00e1vel&hellip;\n","protected":false},"author":2,"featured_media":160822,"comment_status":"","ping_status":"","sticky":false,"template":"","format":"standard","meta":{"footnotes":""},"categories":[145],"tags":[211,210,114,115,32,33],"class_list":{"0":"post-160821","1":"post","2":"type-post","3":"status-publish","4":"format-standard","5":"has-post-thumbnail","7":"category-celebridades","8":"tag-celebridades","9":"tag-celebrities","10":"tag-entertainment","11":"tag-entretenimento","12":"tag-portugal","13":"tag-pt"},"share_on_mastodon":{"url":"https:\/\/pubeurope.com\/@pt\/115591560744678170","error":""},"_links":{"self":[{"href":"https:\/\/www.europesays.com\/pt\/wp-json\/wp\/v2\/posts\/160821","targetHints":{"allow":["GET"]}}],"collection":[{"href":"https:\/\/www.europesays.com\/pt\/wp-json\/wp\/v2\/posts"}],"about":[{"href":"https:\/\/www.europesays.com\/pt\/wp-json\/wp\/v2\/types\/post"}],"author":[{"embeddable":true,"href":"https:\/\/www.europesays.com\/pt\/wp-json\/wp\/v2\/users\/2"}],"replies":[{"embeddable":true,"href":"https:\/\/www.europesays.com\/pt\/wp-json\/wp\/v2\/comments?post=160821"}],"version-history":[{"count":0,"href":"https:\/\/www.europesays.com\/pt\/wp-json\/wp\/v2\/posts\/160821\/revisions"}],"wp:featuredmedia":[{"embeddable":true,"href":"https:\/\/www.europesays.com\/pt\/wp-json\/wp\/v2\/media\/160822"}],"wp:attachment":[{"href":"https:\/\/www.europesays.com\/pt\/wp-json\/wp\/v2\/media?parent=160821"}],"wp:term":[{"taxonomy":"category","embeddable":true,"href":"https:\/\/www.europesays.com\/pt\/wp-json\/wp\/v2\/categories?post=160821"},{"taxonomy":"post_tag","embeddable":true,"href":"https:\/\/www.europesays.com\/pt\/wp-json\/wp\/v2\/tags?post=160821"}],"curies":[{"name":"wp","href":"https:\/\/api.w.org\/{rel}","templated":true}]}}