{"id":160830,"date":"2025-11-22T05:29:08","date_gmt":"2025-11-22T05:29:08","guid":{"rendered":"https:\/\/www.europesays.com\/pt\/160830\/"},"modified":"2025-11-22T05:29:08","modified_gmt":"2025-11-22T05:29:08","slug":"musgo-resiste-por-9-meses-no-espaco-e-volta-a-terra-com-vida","status":"publish","type":"post","link":"https:\/\/www.europesays.com\/pt\/160830\/","title":{"rendered":"Musgo resiste por 9 meses no espa\u00e7o e volta \u00e0 Terra com vida"},"content":{"rendered":"<p data-start=\"526\" data-end=\"884\">Cientistas demonstraram que um tipo de musgo \u2014 o Physcomitrium patens \u2014 \u00e9 mais resistente do que se imaginava: esporos dele ficaram presos no exterior da <a href=\"https:\/\/aventurasnahistoria.com.br\/noticias\/historia-hoje\/os-planos-da-nasa-para-o-fim-da-estacao-espacial-internacional.phtml\" rel=\"nofollow noopener\" target=\"_blank\">Esta\u00e7\u00e3o Espacial Internacional<\/a> (ISS) durante 283 dias (quase nove meses) e, ap\u00f3s voltarem \u00e0 Terra, mais de <strong data-start=\"795\" data-end=\"829\">80<\/strong>% ainda se mostraram vi\u00e1veis para germinar.<\/p>\n<p data-start=\"526\" data-end=\"884\">A pesquisa, conduzida por uma equipe da Universidade de Hokkaid\u014d, no Jap\u00e3o, foi <a href=\"https:\/\/www.cell.com\/iscience\/fulltext\/S2589-0042(25)02088-7\" rel=\"nofollow noopener\" target=\"_blank\">publicada na revista iScience<\/a>. \u00a0Os espor\u00f3fitos \u2014 estruturas que envolvem os esporos \u2014 foram os escolhidos para a miss\u00e3o porque os pesquisadores j\u00e1 sabiam que s\u00e3o bastante resistentes.<\/p>\n<p data-start=\"1234\" data-end=\"1660\">Durante a exposi\u00e7\u00e3o ao ambiente do espa\u00e7o, os esporos enfrentaram condi\u00e7\u00f5es extremas: v\u00e1cuo, radia\u00e7\u00e3o ultravioleta intensa, microgravidade e grandes varia\u00e7\u00f5es de temperatura.\u00a0Mesmo assim, boa parte sobreviveu. Segundo os cientistas, a casca que envolve o esporo (espor\u00e2ngio) provavelmente atua como um escudo protetor, absorvendo parte da radia\u00e7\u00e3o.<\/p>\n<p> Musgo resistente <\/p>\n<p data-start=\"1234\" data-end=\"1660\">Quando os esporos voltaram para a <a href=\"https:\/\/aventurasnahistoria.com.br\/noticias\/historia-hoje\/e-se-o-cometa-3i-atlas-caisse-na-terra-astronomos-explicam-como-seria.phtml\" rel=\"nofollow noopener\" target=\"_blank\">Terra<\/a>, eles foram colocados em laborat\u00f3rio para germinar. A maioria conseguiu brotar normalmente, o que indica que a exposi\u00e7\u00e3o ao espa\u00e7o n\u00e3o comprometeu sua capacidade reprodutiva.<\/p>\n<p data-start=\"1918\" data-end=\"2184\">Al\u00e9m disso, os pesquisadores fizeram simula\u00e7\u00f5es matem\u00e1ticas para estimar por quanto tempo esses esporos poderiam sobreviver no espa\u00e7o e conclu\u00edram que, em teoria, poderiam resistir por at\u00e9 15 anos em condi\u00e7\u00f5es semelhantes.<\/p>\n<p data-start=\"1918\" data-end=\"2184\">Para os cientistas, esses achados s\u00e3o promissores para o futuro da biologia espacial: musgos como esse poderiam fazer parte de ecossistemas em planetas como <a href=\"https:\/\/aventurasnahistoria.com.br\/noticias\/historia-hoje\/rocha-incomum-em-marte-chama-a-atencao-de-pesquisadores.phtml\" rel=\"nofollow noopener\" target=\"_blank\">Marte<\/a> ou mesmo sat\u00e9lites como a lua, ajudando a gerar solo, oxig\u00eanio ou fornecer um suporte biol\u00f3gico inicial para outras plantas.<\/p>\n<p data-start=\"1918\" data-end=\"2184\">No entanto, eles alertam que ainda h\u00e1 muitos desafios pela frente: sobreviver \u00e9 diferente de crescer ou reproduzir-se em ambientes extraterrestres, e \u00e9 preciso mais pesquisa e estudo detalhado para entender todos os mecanismos de prote\u00e7\u00e3o e adapta\u00e7\u00e3o.<\/p>\n<p data-start=\"1918\" data-end=\"2184\">Os resultados tamb\u00e9m reacendem o debate sobre a possibilidade de vida se dispersar entre planetas por meio de part\u00edculas microsc\u00f3picas \u2014 a chamada panspermia. Embora o estudo n\u00e3o prove que isso aconte\u00e7a na natureza, os pesquisadores afirmam que a resist\u00eancia dos esporos de musgo fortalece a hip\u00f3tese de que organismos simples podem atravessar longos per\u00edodos no espa\u00e7o sem perder completamente sua viabilidade.<\/p>\n<p data-start=\"1918\" data-end=\"2184\">*Sob supervis\u00e3o de Fabio Previdelli<\/p>\n","protected":false},"excerpt":{"rendered":"Cientistas demonstraram que um tipo de musgo \u2014 o Physcomitrium patens \u2014 \u00e9 mais resistente do que se&hellip;\n","protected":false},"author":2,"featured_media":160831,"comment_status":"","ping_status":"","sticky":false,"template":"","format":"standard","meta":{"footnotes":""},"categories":[84],"tags":[4614,109,107,108,1008,15789,34180,13,32,33,105,103,104,27213,106,110],"class_list":{"0":"post-160830","1":"post","2":"type-post","3":"status-publish","4":"format-standard","5":"has-post-thumbnail","7":"category-ciencia-e-tecnologia","8":"tag-biologia","9":"tag-ciencia","10":"tag-ciencia-e-tecnologia","11":"tag-cienciaetecnologia","12":"tag-espaco","13":"tag-mundo-animal","14":"tag-musgo","15":"tag-noticias","16":"tag-portugal","17":"tag-pt","18":"tag-science","19":"tag-science-and-technology","20":"tag-scienceandtechnology","21":"tag-sobrevivencia","22":"tag-technology","23":"tag-tecnologia"},"share_on_mastodon":{"url":"https:\/\/pubeurope.com\/@pt\/115591706301690193","error":""},"_links":{"self":[{"href":"https:\/\/www.europesays.com\/pt\/wp-json\/wp\/v2\/posts\/160830","targetHints":{"allow":["GET"]}}],"collection":[{"href":"https:\/\/www.europesays.com\/pt\/wp-json\/wp\/v2\/posts"}],"about":[{"href":"https:\/\/www.europesays.com\/pt\/wp-json\/wp\/v2\/types\/post"}],"author":[{"embeddable":true,"href":"https:\/\/www.europesays.com\/pt\/wp-json\/wp\/v2\/users\/2"}],"replies":[{"embeddable":true,"href":"https:\/\/www.europesays.com\/pt\/wp-json\/wp\/v2\/comments?post=160830"}],"version-history":[{"count":0,"href":"https:\/\/www.europesays.com\/pt\/wp-json\/wp\/v2\/posts\/160830\/revisions"}],"wp:featuredmedia":[{"embeddable":true,"href":"https:\/\/www.europesays.com\/pt\/wp-json\/wp\/v2\/media\/160831"}],"wp:attachment":[{"href":"https:\/\/www.europesays.com\/pt\/wp-json\/wp\/v2\/media?parent=160830"}],"wp:term":[{"taxonomy":"category","embeddable":true,"href":"https:\/\/www.europesays.com\/pt\/wp-json\/wp\/v2\/categories?post=160830"},{"taxonomy":"post_tag","embeddable":true,"href":"https:\/\/www.europesays.com\/pt\/wp-json\/wp\/v2\/tags?post=160830"}],"curies":[{"name":"wp","href":"https:\/\/api.w.org\/{rel}","templated":true}]}}