{"id":160834,"date":"2025-11-22T05:34:14","date_gmt":"2025-11-22T05:34:14","guid":{"rendered":"https:\/\/www.europesays.com\/pt\/160834\/"},"modified":"2025-11-22T05:34:14","modified_gmt":"2025-11-22T05:34:14","slug":"walcyr-carrasco-exibe-presente-de-luxo-de-quase-r-10-mil-que-ganhou-de-larissa-manoela-zoeira","status":"publish","type":"post","link":"https:\/\/www.europesays.com\/pt\/160834\/","title":{"rendered":"Walcyr Carrasco exibe presente de luxo de quase R$ 10 mil que ganhou de Larissa Manoela &#8211; Zoeira"},"content":{"rendered":"<p>O autor de \u201c<strong>\u00cata Mundo Melhor!<\/strong>\u201d <strong>Walcyr Carrasco<\/strong>, que completa <strong>74 anos em 1\u00ba de dezembro<\/strong>, recebeu antecipadamente um <strong>presente especial de Larissa Manoela<\/strong>, int\u00e9rprete da personagem <strong>Estela<\/strong> na novela das 6 da Globo. A atriz enviou ao dramaturgo um <strong>porta-celular da grife italiana Prada<\/strong>, avaliado em <strong>R$ 9,6 mil<\/strong>, segundo o site oficial da marca.<\/p>\n<p>Animado com o mimo, Walcyr gravou um v\u00eddeo de agradecimento e compartilhou com os seguidores. \u201cAmigos, vejam que bolsa linda a Larissa Manoela me mandou de anivers\u00e1rio. Muito obrigado, n\u00e3o s\u00f3 pelo presente, como pela gentileza e por lembrar de mim. Beij\u00e3o!\u201d, disse.<\/p>\n<blockquote class=\"instagram-media\" data-instgrm-captioned=\"\" data-instgrm-permalink=\"https:\/\/www.instagram.com\/p\/DRSZ04SCZfT\/?utm_source=ig_embed\" data-instgrm-version=\"14\" style=\" background:#FFF; border:0; border-radius:3px; box-shadow:0 0 1px 0 rgba(0,0,0,0.5),0 1px 10px 0 rgba(0,0,0,0.15); margin: 1px; max-width:540px; min-width:326px; padding:0; width:99.375%; width:-webkit-calc(100% - 2px); width:calc(100% - 2px);\"><\/blockquote>\n<p>\t\t\t\tVeja tamb\u00e9m<\/p>\n<p>Larissa respondeu com carinho nos coment\u00e1rios: \u201cCom todo o amor para voc\u00ea. Use muito\u201d. A publica\u00e7\u00e3o rapidamente atraiu mensagens de famosos e f\u00e3s, que anteciparam as felicita\u00e7\u00f5es ao autor. \u201cFeliz anivers\u00e1rio, amor e muita sa\u00fade\u201d, escreveu <strong>Eliana<\/strong>. \u201cFeliz anivers\u00e1rio meu amigo\u201d, comentou <strong>Matheus Rocha<\/strong>. Um admirador tamb\u00e9m celebrou: \u201cFeliz anivers\u00e1rio, tudo de mais maravilhoso na sua vida sempre\u201d.<\/p>\n<p>\t<script async src=\"\/\/www.instagram.com\/embed.js\"><\/script><\/p>\n","protected":false},"excerpt":{"rendered":"O autor de \u201c\u00cata Mundo Melhor!\u201d Walcyr Carrasco, que completa 74 anos em 1\u00ba de dezembro, recebeu antecipadamente&hellip;\n","protected":false},"author":2,"featured_media":160835,"comment_status":"","ping_status":"","sticky":false,"template":"","format":"standard","meta":{"footnotes":""},"categories":[145],"tags":[211,210,114,115,32,33],"class_list":{"0":"post-160834","1":"post","2":"type-post","3":"status-publish","4":"format-standard","5":"has-post-thumbnail","7":"category-celebridades","8":"tag-celebridades","9":"tag-celebrities","10":"tag-entertainment","11":"tag-entretenimento","12":"tag-portugal","13":"tag-pt"},"share_on_mastodon":{"url":"https:\/\/pubeurope.com\/@pt\/115591725971433408","error":""},"_links":{"self":[{"href":"https:\/\/www.europesays.com\/pt\/wp-json\/wp\/v2\/posts\/160834","targetHints":{"allow":["GET"]}}],"collection":[{"href":"https:\/\/www.europesays.com\/pt\/wp-json\/wp\/v2\/posts"}],"about":[{"href":"https:\/\/www.europesays.com\/pt\/wp-json\/wp\/v2\/types\/post"}],"author":[{"embeddable":true,"href":"https:\/\/www.europesays.com\/pt\/wp-json\/wp\/v2\/users\/2"}],"replies":[{"embeddable":true,"href":"https:\/\/www.europesays.com\/pt\/wp-json\/wp\/v2\/comments?post=160834"}],"version-history":[{"count":0,"href":"https:\/\/www.europesays.com\/pt\/wp-json\/wp\/v2\/posts\/160834\/revisions"}],"wp:featuredmedia":[{"embeddable":true,"href":"https:\/\/www.europesays.com\/pt\/wp-json\/wp\/v2\/media\/160835"}],"wp:attachment":[{"href":"https:\/\/www.europesays.com\/pt\/wp-json\/wp\/v2\/media?parent=160834"}],"wp:term":[{"taxonomy":"category","embeddable":true,"href":"https:\/\/www.europesays.com\/pt\/wp-json\/wp\/v2\/categories?post=160834"},{"taxonomy":"post_tag","embeddable":true,"href":"https:\/\/www.europesays.com\/pt\/wp-json\/wp\/v2\/tags?post=160834"}],"curies":[{"name":"wp","href":"https:\/\/api.w.org\/{rel}","templated":true}]}}