{"id":160836,"date":"2025-11-22T05:39:11","date_gmt":"2025-11-22T05:39:11","guid":{"rendered":"https:\/\/www.europesays.com\/pt\/160836\/"},"modified":"2025-11-22T05:39:11","modified_gmt":"2025-11-22T05:39:11","slug":"deborah-secco-comenta-mudanca-no-visual-para-viver-bruna-surfistinha","status":"publish","type":"post","link":"https:\/\/www.europesays.com\/pt\/160836\/","title":{"rendered":"Deborah Secco comenta mudan\u00e7a no visual para viver Bruna Surfistinha"},"content":{"rendered":"<p><\/p>\n<p>&#13;<br \/>\n\tDeborah Secco, 45, ir\u00e1 voltar \u00e0 pele de Bruna Surfistinha e adotou um novo visual loiro para o pr\u00f3ximo filme baseado na hist\u00f3ria de Raquel Pacheco. O primeiro filme foi lan\u00e7ado 14 anos atr\u00e1s, em 2011.\u00a0\u00a0&#13;\n<\/p>\n<p>&#13;<br \/>\n\t\u00a0A atriz contou que a mudan\u00e7a, feita inicialmente para o papel, acabou conquistando seu gosto pessoal por trazer eleg\u00e2ncia e um ar diferente dos loiros que j\u00e1 teve.&#13;\n<\/p>\n<p>&#13;<br \/>\n\t<img decoding=\"async\" alt=\"Primeira imagem da atriz como Bruna Surfistinha no novo longa que conta a hist\u00f3ria da garota de programa Rachel Pacheco.\" src=\"https:\/\/www.europesays.com\/pt\/wp-content\/uploads\/2025\/11\/suf912[.jpg\" style=\"width: 800px; height: 540px;\"\/>Revisitar a personagem marcante de 2011 emocionou Deborah, que diz ter grande gratid\u00e3o pela transforma\u00e7\u00e3o art\u00edstica e humana que o papel proporcionou. Ela relembra frases e aprendizados da prepara\u00e7\u00e3o original e afirma que a continua\u00e7\u00e3o \u00e9 forte, necess\u00e1ria e especial em sua trajet\u00f3ria.&#13;\n<\/p>\n<p>&#13;<br \/>\n\tA constru\u00e7\u00e3o da nova fase de Bruna contou novamente com apoio de Raquel Pacheco, que participou do roteiro e at\u00e9 gravou cenas. Deborah disse ainda que a filha, Maria Flor, aprovou o visual desde o primeiro momento, assim como o namorado, o produtor musical Dudu Borges.&#13;\n<\/p>\n<p>&#13;<br \/>\n\t<img decoding=\"async\" alt=\"Fotos: Instagram\" src=\"https:\/\/www.europesays.com\/pt\/wp-content\/uploads\/2025\/11\/bru128721.jpg\" style=\"width: 800px; height: 1066px;\"\/>&#13;\n<\/p>\n<p>\t\t\t\t\t\t\t\t\t\t\t\t\t\t\t\t\t\t\t\t\t\t<a href=\"https:\/\/www.portaldoholanda.com.br\/sites\/default\/files\/imagecache\/portal2014_fotonoticiagrande\/\" data-caption=\"\" rel=\"nofollow noopener\" target=\"_blank\"><br \/>\n\t\t\t\t\t\t\t\t\t<img decoding=\"async\" src=\"https:\/\/www.portaldoholanda.com.br\/sites\/default\/files\/imagecache\/2018_destaques_80_66\/\"\/><br \/>\n\t\t\t\t\t\t\t\t<\/a><\/p>\n<p>\t\t\t\t\t\t\t\t<img decoding=\"async\" src=\"https:\/\/www.europesays.com\/pt\/wp-content\/uploads\/2025\/08\/loogo.jpg\" alt=\"  \" class=\" fotoo mt-1 \"\/><\/p>\n<p>\t\t\t\t\t\t\t\tO Portal do Holanda foi fundado em 14 de novembro de 2005. Primeiramente com uma coluna, que<br \/>\n\t\t\t\t\t\t\t\tlevou o<br \/>\n\t\t\t\t\t\t\t\tnome de seu fundador, o jornalista Raimundo de Holanda. Depois passou para Blog do Holanda e<br \/>\n\t\t\t\t\t\t\t\tpor<br \/>\n\t\t\t\t\t\t\t\t\u00faltimo Portal do Holanda. Foi um dos primeiros s\u00edtios de internet no Estado do Amazonas. \u00c9<br \/>\n\t\t\t\t\t\t\t\tauditado<br \/>\n\t\t\t\t\t\t\t\tpelo IVC e ComScore.<\/p>\n","protected":false},"excerpt":{"rendered":"&#13; Deborah Secco, 45, ir\u00e1 voltar \u00e0 pele de Bruna Surfistinha e adotou um novo visual loiro para&hellip;\n","protected":false},"author":2,"featured_media":160837,"comment_status":"","ping_status":"","sticky":false,"template":"","format":"standard","meta":{"footnotes":""},"categories":[140],"tags":[114,115,147,148,146,32,33],"class_list":{"0":"post-160836","1":"post","2":"type-post","3":"status-publish","4":"format-standard","5":"has-post-thumbnail","7":"category-filmes","8":"tag-entertainment","9":"tag-entretenimento","10":"tag-film","11":"tag-filmes","12":"tag-movies","13":"tag-portugal","14":"tag-pt"},"share_on_mastodon":{"url":"https:\/\/pubeurope.com\/@pt\/115591745896008107","error":""},"_links":{"self":[{"href":"https:\/\/www.europesays.com\/pt\/wp-json\/wp\/v2\/posts\/160836","targetHints":{"allow":["GET"]}}],"collection":[{"href":"https:\/\/www.europesays.com\/pt\/wp-json\/wp\/v2\/posts"}],"about":[{"href":"https:\/\/www.europesays.com\/pt\/wp-json\/wp\/v2\/types\/post"}],"author":[{"embeddable":true,"href":"https:\/\/www.europesays.com\/pt\/wp-json\/wp\/v2\/users\/2"}],"replies":[{"embeddable":true,"href":"https:\/\/www.europesays.com\/pt\/wp-json\/wp\/v2\/comments?post=160836"}],"version-history":[{"count":0,"href":"https:\/\/www.europesays.com\/pt\/wp-json\/wp\/v2\/posts\/160836\/revisions"}],"wp:featuredmedia":[{"embeddable":true,"href":"https:\/\/www.europesays.com\/pt\/wp-json\/wp\/v2\/media\/160837"}],"wp:attachment":[{"href":"https:\/\/www.europesays.com\/pt\/wp-json\/wp\/v2\/media?parent=160836"}],"wp:term":[{"taxonomy":"category","embeddable":true,"href":"https:\/\/www.europesays.com\/pt\/wp-json\/wp\/v2\/categories?post=160836"},{"taxonomy":"post_tag","embeddable":true,"href":"https:\/\/www.europesays.com\/pt\/wp-json\/wp\/v2\/tags?post=160836"}],"curies":[{"name":"wp","href":"https:\/\/api.w.org\/{rel}","templated":true}]}}