{"id":160850,"date":"2025-11-22T06:08:10","date_gmt":"2025-11-22T06:08:10","guid":{"rendered":"https:\/\/www.europesays.com\/pt\/160850\/"},"modified":"2025-11-22T06:08:10","modified_gmt":"2025-11-22T06:08:10","slug":"band-fm-anuncia-nova-afiliada-em-jaru-ro-estreia-ocorre-nesta-segunda-feira-24","status":"publish","type":"post","link":"https:\/\/www.europesays.com\/pt\/160850\/","title":{"rendered":"Band FM anuncia nova afiliada em Jaru (RO); estreia ocorre nesta segunda-feira (24)"},"content":{"rendered":"<p>A rede <strong>Band FM<\/strong> segue ampliando sua presen\u00e7a no estado de Rond\u00f4nia. <strong><a href=\"https:\/\/tudoradio.com\/noticias\/ver\/34025-band-fm-amplia-presenca-em-rondonia-com-estreia-em-rolim-de-moura\" rel=\"nofollow noopener\" target=\"_blank\">Ap\u00f3s a estreia em Rolim de Moura<\/a><\/strong>, a marca se prepara para colocar no ar mais uma afiliada no interior rondoniense. A <strong>Band FM 90.5 de Jaru<\/strong> inicia oficialmente sua opera\u00e7\u00e3o nesta <strong>segunda-feira (24), a partir das 6h<\/strong>, durante o programa A Hora do Ronco, apresentado por <strong>Pedro Luiz Ronco<\/strong>, <strong>Tadeu Correia<\/strong> e <strong>Emerson Fran\u00e7a<\/strong>.<\/p>\n<p>A nova esta\u00e7\u00e3o, que passa a integrar a rede liderada pela <strong>Band FM 96.1 de S\u00e3o Paulo<\/strong>, ter\u00e1 sua cobertura voltada para Jaru e munic\u00edpios vizinhos, como <strong>Governador Jorge Teixeira, Ouro Preto do Oeste, Theobroma e Vale do Para\u00edso.<\/strong>\u00a0Com essa abrang\u00eancia, a emissora estima alcan\u00e7ar\u00a0mais de <strong>108 mil pessoas<\/strong> na \u00e1rea.<\/p>\n<p>Na semana anterior, em <strong>17 de novembro<\/strong>, o <strong>Grupo Bandeirantes<\/strong> confirmou a estreia da <strong>Band FM 99.9 de Rolim de Moura (RO)<\/strong>, emissora que integra as <strong>Organiza\u00e7\u00f5es Giselle Maiolino Furtado<\/strong> e refor\u00e7a a presen\u00e7a da rede no interior do estado. O lan\u00e7amento foi registrado pelo <strong><a href=\"https:\/\/tudoradio.com\/mapa\" rel=\"nofollow noopener\" target=\"_blank\">Mapa da Atualiza\u00e7\u00e3o do tudoradio.com.<\/a><\/strong><\/p>\n<p style=\"text-align: center;\"><img decoding=\"async\" alt=\"\" src=\"https:\/\/www.europesays.com\/pt\/wp-content\/uploads\/2025\/11\/6920a208d9c4a.jpg\" style=\"height:463px; width:721px\" \/><br \/>&#13;<br \/>\nTadeu Correia, Pedro Luiz Ronco e Emerson Fran\u00e7a comandam A Hora do Ronco diretamente do est\u00fadio da Band FM na capital paulista &#8211; Foto: Divulga\u00e7\u00e3o\/Band FM<\/p>\n<p>Com a nova afiliada, a Band FM consolida sua atua\u00e7\u00e3o regional ao lado de outras seis esta\u00e7\u00f5es j\u00e1 operadas no estado pelo mesmo grupo. Al\u00e9m da capital, onde atua a <strong>Band FM 94.1 de Porto Velho<\/strong>, a rede tamb\u00e9m est\u00e1 presente em <strong>Ariquemes (92.9 FM), Cacoal (89.5 FM), Vilhena (92.5 FM)<\/strong> e <strong>Ji-Paran\u00e1 (89.1 FM)<\/strong>, al\u00e9m da nova afiliada de <strong>Jaru (90.5 FM)<\/strong>.<\/p>\n<p>Segundo o <strong>Grupo Bandeirantes<\/strong>, novas estreias est\u00e3o previstas ainda para este ano em <strong>S\u00e3o Francisco do Guapor\u00e9<\/strong> e <strong>S\u00e3o Miguel do Guapor\u00e9<\/strong>, dando continuidade \u00e0 expans\u00e3o da rede em Rond\u00f4nia. Em n\u00edvel nacional, o avan\u00e7o ocorre ap\u00f3s duas inaugura\u00e7\u00f5es importantes no primeiro semestre, com esta\u00e7\u00f5es pr\u00f3prias nas capitais <strong>Rio de Janeiro (RJ)<\/strong> e <strong>Porto Alegre (RS)<\/strong>, al\u00e9m de novas afiliadas em <strong>Santos (SP), Ji-Paran\u00e1 (RO), Tr\u00eas Lagoas (MS)<\/strong> e <strong>Cataguases (MG)<\/strong>.<\/p>\n<p>\n\t\t\t\tA reprodu\u00e7\u00e3o das not\u00edcias e das pautas \u00e9 autorizada desde que contenha a assinatura &#8216;tudoradio.com&#8217;<\/p>\n<p>&#13;<br \/>\n\t\t\t\tTags:&#13;<br \/>\n\t\t\t\tBand FM, Jaru, Rond\u00f4nia, Grupo Bandeirantes, Expans\u00e3o regional, Afiliadas, R\u00e1dio brasileira&#13;\n\t\t\t<\/p>\n","protected":false},"excerpt":{"rendered":"A rede Band FM segue ampliando sua presen\u00e7a no estado de Rond\u00f4nia. Ap\u00f3s a estreia em Rolim de&hellip;\n","protected":false},"author":2,"featured_media":160851,"comment_status":"","ping_status":"","sticky":false,"template":"","format":"standard","meta":{"footnotes":""},"categories":[141],"tags":[34186,32999,114,115,34185,31617,34184,149,150,32,33,34187,984],"class_list":{"0":"post-160850","1":"post","2":"type-post","3":"status-publish","4":"format-standard","5":"has-post-thumbnail","7":"category-musica","8":"tag-afiliadas","9":"tag-band-fm","10":"tag-entertainment","11":"tag-entretenimento","12":"tag-expansao-regional","13":"tag-grupo-bandeirantes","14":"tag-jaru","15":"tag-music","16":"tag-musica","17":"tag-portugal","18":"tag-pt","19":"tag-radio-brasileira","20":"tag-rondonia"},"share_on_mastodon":{"url":"https:\/\/pubeurope.com\/@pt\/115591859889137549","error":""},"_links":{"self":[{"href":"https:\/\/www.europesays.com\/pt\/wp-json\/wp\/v2\/posts\/160850","targetHints":{"allow":["GET"]}}],"collection":[{"href":"https:\/\/www.europesays.com\/pt\/wp-json\/wp\/v2\/posts"}],"about":[{"href":"https:\/\/www.europesays.com\/pt\/wp-json\/wp\/v2\/types\/post"}],"author":[{"embeddable":true,"href":"https:\/\/www.europesays.com\/pt\/wp-json\/wp\/v2\/users\/2"}],"replies":[{"embeddable":true,"href":"https:\/\/www.europesays.com\/pt\/wp-json\/wp\/v2\/comments?post=160850"}],"version-history":[{"count":0,"href":"https:\/\/www.europesays.com\/pt\/wp-json\/wp\/v2\/posts\/160850\/revisions"}],"wp:featuredmedia":[{"embeddable":true,"href":"https:\/\/www.europesays.com\/pt\/wp-json\/wp\/v2\/media\/160851"}],"wp:attachment":[{"href":"https:\/\/www.europesays.com\/pt\/wp-json\/wp\/v2\/media?parent=160850"}],"wp:term":[{"taxonomy":"category","embeddable":true,"href":"https:\/\/www.europesays.com\/pt\/wp-json\/wp\/v2\/categories?post=160850"},{"taxonomy":"post_tag","embeddable":true,"href":"https:\/\/www.europesays.com\/pt\/wp-json\/wp\/v2\/tags?post=160850"}],"curies":[{"name":"wp","href":"https:\/\/api.w.org\/{rel}","templated":true}]}}