{"id":160854,"date":"2025-11-22T06:18:08","date_gmt":"2025-11-22T06:18:08","guid":{"rendered":"https:\/\/www.europesays.com\/pt\/160854\/"},"modified":"2025-11-22T06:18:08","modified_gmt":"2025-11-22T06:18:08","slug":"ex-atriz-global-se-impressiona-com-gentileza-dos-mineiros","status":"publish","type":"post","link":"https:\/\/www.europesays.com\/pt\/160854\/","title":{"rendered":"Ex-atriz global se impressiona com gentileza dos mineiros"},"content":{"rendered":"<p dir=\"ltr\">A atriz Giovanna Antonelli passou pela Grande BH no in\u00edcio desta semana, e o jeitinho mineiro a deixou maravilhada. Em publica\u00e7\u00e3o em seu Instagram, <strong><a href=\"https:\/\/www.em.com.br\/cultura\/2025\/11\/7287627-morre-a-atriz-pauline-collins-indicada-ao-oscar-pelo-filme-shirley-valentine-aos-85.html\" target=\"_blank\" rel=\"nofollow noopener\">a atriz demonstrou<\/a><\/strong> o encanto com um ato simples dos condutores do estado. Ela esteve como palestrante na Semana Global de Empreendedorismo 2025, que ocorreu em Nova Lima, em evento realizado no dia 17\/11.<\/p>\n<p data-start=\"451\" data-end=\"650\">No v\u00eddeo, a atriz est\u00e1 ao lado de um taxista que buzina e cumprimenta outro motorista que divide a estrada com ele. O outro rapaz responde com um aceno e um sorriso \u00e0 sauda\u00e7\u00e3o que lhe foi dada.<\/p>\n<p dir=\"ltr\">\u201cT\u00f4 aqui maravilhada com as minhas andan\u00e7as pelo Brasil, e o mineiro \u00e9 um povo que eu amo demais\u201d, afirma a atriz antes do taxista buzinar para o outro condutor.<\/p>\n<p dir=\"ltr\">&#13;\n<\/p>\n<p dir=\"ltr\">Ela comenta que gostaria de ver esses gestos simples sendo replicados em outras partes do pa\u00eds.\u00a0<\/p>\n<p>Evento em Nova Lima<\/p>\n<p dir=\"ltr\">A \u00faltima novela em que Antonelli atuou foi Beleza Fatal, criada por Raphael Montes, dirigida por Maria de M\u00e9dicis e produzida para o streaming Max. Ao todo, a novela tem 40 epis\u00f3dios; o seu primeiro e \u00faltimo epis\u00f3dios foram lan\u00e7ados em 2025, nos dias 27\/1 e 21\/3, respectivamente.<\/p>\n<p dir=\"ltr\">Ela resolveu dar uma pausa na carreira de atriz nesse momento para visitar cidades e palestrar sobre empreendedorismo. No \u00faltimo dia 17, esteve como palestrante da Semana Global de Empreendedorismo, uma iniciativa da <strong><a href=\"https:\/\/www.em.com.br\/degusta\/2025\/11\/7291241-gastro-macacos-distrito-de-nova-lima-volta-a-ser-destino-gastronomico.html\" target=\"_blank\" rel=\"nofollow noopener\">Prefeitura de Nova Lima<\/a>,<\/strong> em parceria com o Sebrae e a Rede Global de Empreendedorismo (GEN).<\/p>\n<p class=\"texto\" style=\"text-align: center;\"><strong><a href=\"https:\/\/whatsapp.com\/channel\/0029Va8e466AO7RPLL06EL2h\" target=\"_blank\" rel=\"noopener noreferrer nofollow\">Siga nosso canal no WhatsApp e receba not\u00edcias relevantes para o seu dia<\/a>\u00a0<\/strong>\u00a0<\/p>\n<p>Camisa do Cruzeiro\u00a0<\/p>\n<p dir=\"ltr\">No decorrer da visita pela Regi\u00e3o Metropolitana de Belo Horizonte, ela conheceu o escrit\u00f3rio de Pedro Louren\u00e7o, presidente e dono do Cruzeiro. Ela posou com uma camisa celeste ao lado do mandat\u00e1rio cruzeirense.\u00a0<\/p>\n<blockquote class=\"twitter-tweet\"><p>&#13;<\/p>\n<p dir=\"ltr\" lang=\"pt\">A nova torcedora do Cruzeiro ao lado do presidente Pedro Louren\u00e7o! ????<\/p>\n<p>A <a href=\"https:\/\/twitter.com\/gio_antonelli?ref_src=twsrc%5Etfw\" rel=\"nofollow noopener\" target=\"_blank\">@gio_antonelli<\/a> \u00e9 Cabulosa! ???? <a href=\"https:\/\/t.co\/XmNLL11lvX\" rel=\"nofollow\">pic.twitter.com\/XmNLL11lvX<\/a><\/p>\n<p>&#13;<br \/>\n\u2014 Cruzeiro ???? (@Cruzeiro) <a href=\"https:\/\/twitter.com\/Cruzeiro\/status\/1990486352278802602?ref_src=twsrc%5Etfw\" rel=\"nofollow noopener\" target=\"_blank\">November 17, 2025<\/a><\/p><\/blockquote>\n<p>    <script async src=\"https:\/\/platform.twitter.com\/widgets.js\" charset=\"utf-8\"><\/script><\/p>\n","protected":false},"excerpt":{"rendered":"A atriz Giovanna Antonelli passou pela Grande BH no in\u00edcio desta semana, e o jeitinho mineiro a deixou&hellip;\n","protected":false},"author":2,"featured_media":160855,"comment_status":"","ping_status":"","sticky":false,"template":"","format":"standard","meta":{"footnotes":""},"categories":[145],"tags":[34188,3850,211,210,6034,114,115,13085,34189,34190,32,33],"class_list":{"0":"post-160854","1":"post","2":"type-post","3":"status-publish","4":"format-standard","5":"has-post-thumbnail","7":"category-celebridades","8":"tag-atriz-globo","9":"tag-beleza-fatal","10":"tag-celebridades","11":"tag-celebrities","12":"tag-cruzeiro","13":"tag-entertainment","14":"tag-entretenimento","15":"tag-giovanna-antonelli","16":"tag-nova-lima","17":"tag-pedro-lourenco","18":"tag-portugal","19":"tag-pt"},"share_on_mastodon":{"url":"https:\/\/pubeurope.com\/@pt\/115591898953597466","error":""},"_links":{"self":[{"href":"https:\/\/www.europesays.com\/pt\/wp-json\/wp\/v2\/posts\/160854","targetHints":{"allow":["GET"]}}],"collection":[{"href":"https:\/\/www.europesays.com\/pt\/wp-json\/wp\/v2\/posts"}],"about":[{"href":"https:\/\/www.europesays.com\/pt\/wp-json\/wp\/v2\/types\/post"}],"author":[{"embeddable":true,"href":"https:\/\/www.europesays.com\/pt\/wp-json\/wp\/v2\/users\/2"}],"replies":[{"embeddable":true,"href":"https:\/\/www.europesays.com\/pt\/wp-json\/wp\/v2\/comments?post=160854"}],"version-history":[{"count":0,"href":"https:\/\/www.europesays.com\/pt\/wp-json\/wp\/v2\/posts\/160854\/revisions"}],"wp:featuredmedia":[{"embeddable":true,"href":"https:\/\/www.europesays.com\/pt\/wp-json\/wp\/v2\/media\/160855"}],"wp:attachment":[{"href":"https:\/\/www.europesays.com\/pt\/wp-json\/wp\/v2\/media?parent=160854"}],"wp:term":[{"taxonomy":"category","embeddable":true,"href":"https:\/\/www.europesays.com\/pt\/wp-json\/wp\/v2\/categories?post=160854"},{"taxonomy":"post_tag","embeddable":true,"href":"https:\/\/www.europesays.com\/pt\/wp-json\/wp\/v2\/tags?post=160854"}],"curies":[{"name":"wp","href":"https:\/\/api.w.org\/{rel}","templated":true}]}}