{"id":160864,"date":"2025-11-22T06:43:08","date_gmt":"2025-11-22T06:43:08","guid":{"rendered":"https:\/\/www.europesays.com\/pt\/160864\/"},"modified":"2025-11-22T06:43:08","modified_gmt":"2025-11-22T06:43:08","slug":"assuncao-esteves-assume-presidencia-do-instituto-de-educacao-da-uminho","status":"publish","type":"post","link":"https:\/\/www.europesays.com\/pt\/160864\/","title":{"rendered":"Assun\u00e7\u00e3o Esteves assume presid\u00eancia do Instituto de Educa\u00e7\u00e3o da UMinho"},"content":{"rendered":"<p>A professora Assun\u00e7\u00e3o Flores, natural de Vieira do Minho, vai tomar posse na pr\u00f3xima ter\u00e7a-feira como presidente do Instituto de Educa\u00e7\u00e3o (<a href=\"https:\/\/www.ie.uminho.pt\/\" target=\"_blank\" rel=\"noreferrer noopener nofollow\">IE<\/a>) da Universidade do Minho. <\/p>\n<p>&#13;<br \/>\n&#13;<br \/>\n&#13;<\/p>\n<p>A\u00a0<a href=\"https:\/\/www.uminho.pt\/PT\/siga-a-uminho\/Paginas\/Detalhe-do-evento.aspx?Codigo=67297\" target=\"_blank\" rel=\"noreferrer noopener nofollow\">cerim\u00f3nia<\/a>\u00a0conta com o reitor, Rui Vieira de Castro e tem in\u00edcio pelas 15:00, no audit\u00f3rio multim\u00e9dia do IE, no campus de Gualtar, em Braga. <\/p>\n<p>Assun\u00e7\u00e3o Flores substitui Beatriz Pereira no cargo e, para o tri\u00e9nio 2025-28, vai ter como vice-presidentes os professores Ana Paula Pereira (Comunica\u00e7\u00e3o, Inova\u00e7\u00e3o e Intera\u00e7\u00e3o com a Sociedade), Paulo Varela (Ensino e Conselho Pedag\u00f3gico) e Mar\u00edlia Gago (Investiga\u00e7\u00e3o e Internacionaliza\u00e7\u00e3o).<\/p>\n<p>De acordo com a UMinho, Maria Assun\u00e7\u00e3o Flores nasceu em Vieira do Minho e vive em Braga. Fez a licenciatura em Ensino de Portugu\u00eas-Franc\u00eas, o mestrado em Educa\u00e7\u00e3o, ambos pela UMinho, e o doutoramento em Educa\u00e7\u00e3o pela Universidade de Nottingham, no Reino Unido. <\/p>\n<p>\u00c9 membro da dire\u00e7\u00e3o da Rede Europeia de Pol\u00edticas de Forma\u00e7\u00e3o de Professores e do F\u00f3rum Internacional para o Desenvolvimento dos Formadores de Professores, bem como do Conselho Geral do Instituto de Avalia\u00e7\u00e3o Educativa (IAVE) e do Conselho Nacional de Educa\u00e7\u00e3o (CNE), onde coordena a Comiss\u00e3o \u201cProfessores e outros profissionais da educa\u00e7\u00e3o\u201d. <\/p>\n<p>Tem sido consultora e avaliadora de projetos de investiga\u00e7\u00e3o em v\u00e1rios pa\u00edses, como Noruega, B\u00e9lgica e Finl\u00e2ndia.<\/p>\n<p>Foi tamb\u00e9m\u00a0visiting scholar\u00a0nas universidades de Cambridge, Glasgow e Londres, no Reino Unido, e a \u00fanica portuguesa a presidir ao Conselho Internacional de Educa\u00e7\u00e3o para o Ensino (ICET) e \u00e0 Associa\u00e7\u00e3o Internacional de Estudo dos Professores e do Ensino (ISATT). <\/p>\n<p>A biografia enviada ao nosso jornal pela institui\u00e7\u00e3o de ensino superior refere ainda que, na UMinho, a professora associada com agrega\u00e7\u00e3o liderou o Centro de Investiga\u00e7\u00e3o em Estudos da Crian\u00e7a (CIEC), o Conselho do IE e v\u00e1rios projetos financiados. <\/p>\n<p>Tem mais de 300 publica\u00e7\u00f5es cient\u00edficas, interv\u00e9m em congressos nos v\u00e1rios continentes e soma diversas distin\u00e7\u00f5es, como o Pr\u00e9mio Investiga\u00e7\u00e3o e Pr\u00e9mio Darrell Bloom do ICET (\u00c1frica do Sul \/ Portugal), o Pr\u00e9mio Michael Huberman da Associa\u00e7\u00e3o Americana de Investiga\u00e7\u00e3o em Educa\u00e7\u00e3o (EUA), o Pr\u00e9mio ST2AR da ISATT (It\u00e1lia) e est\u00e1 no restrito grupo dos 2% de cientistas mais influentes do mundo, segundo a editora Elsevier.<\/p>\n<p>Prestes a fazer 50 anos, o Instituto de Educa\u00e7\u00e3o da UMinho oferece licenciaturas, mestrados e doutoramentos nas \u00e1reas de estudos da crian\u00e7a, forma\u00e7\u00e3o de educadores e professores, ci\u00eancias da educa\u00e7\u00e3o e interfaces de educa\u00e7\u00e3o e desenvolvimento humano.<\/p>\n<p>O IE possui duas unidades de I&amp;D: o CIEC e o Centro de Investiga\u00e7\u00e3o em Educa\u00e7\u00e3o (CIEd). O ensino, a pesquisa e a intera\u00e7\u00e3o com a sociedade t\u00eam sido \u201cpretexto para uma coopera\u00e7\u00e3o internacional intensa, sobretudo com toda a CPLP e com pa\u00edses europeus como Espanha, Alemanha, Fran\u00e7a e Inglaterra\u201d. <\/p>\n","protected":false},"excerpt":{"rendered":"A professora Assun\u00e7\u00e3o Flores, natural de Vieira do Minho, vai tomar posse na pr\u00f3xima ter\u00e7a-feira como presidente do&hellip;\n","protected":false},"author":2,"featured_media":160865,"comment_status":"","ping_status":"","sticky":false,"template":"","format":"standard","meta":{"footnotes":""},"categories":[50],"tags":[27,28,15,16,14,25,26,21,22,62,12,13,19,20,23,24,17,18,29,30,31,63,64,65],"class_list":{"0":"post-160864","1":"post","2":"type-post","3":"status-publish","4":"format-standard","5":"has-post-thumbnail","7":"category-mundo","8":"tag-breaking-news","9":"tag-breakingnews","10":"tag-featured-news","11":"tag-featurednews","12":"tag-headlines","13":"tag-latest-news","14":"tag-latestnews","15":"tag-main-news","16":"tag-mainnews","17":"tag-mundo","18":"tag-news","19":"tag-noticias","20":"tag-noticias-principais","21":"tag-noticiasprincipais","22":"tag-principais-noticias","23":"tag-principaisnoticias","24":"tag-top-stories","25":"tag-topstories","26":"tag-ultimas","27":"tag-ultimas-noticias","28":"tag-ultimasnoticias","29":"tag-world","30":"tag-world-news","31":"tag-worldnews"},"share_on_mastodon":{"url":"https:\/\/pubeurope.com\/@pt\/115591997246590286","error":""},"_links":{"self":[{"href":"https:\/\/www.europesays.com\/pt\/wp-json\/wp\/v2\/posts\/160864","targetHints":{"allow":["GET"]}}],"collection":[{"href":"https:\/\/www.europesays.com\/pt\/wp-json\/wp\/v2\/posts"}],"about":[{"href":"https:\/\/www.europesays.com\/pt\/wp-json\/wp\/v2\/types\/post"}],"author":[{"embeddable":true,"href":"https:\/\/www.europesays.com\/pt\/wp-json\/wp\/v2\/users\/2"}],"replies":[{"embeddable":true,"href":"https:\/\/www.europesays.com\/pt\/wp-json\/wp\/v2\/comments?post=160864"}],"version-history":[{"count":0,"href":"https:\/\/www.europesays.com\/pt\/wp-json\/wp\/v2\/posts\/160864\/revisions"}],"wp:featuredmedia":[{"embeddable":true,"href":"https:\/\/www.europesays.com\/pt\/wp-json\/wp\/v2\/media\/160865"}],"wp:attachment":[{"href":"https:\/\/www.europesays.com\/pt\/wp-json\/wp\/v2\/media?parent=160864"}],"wp:term":[{"taxonomy":"category","embeddable":true,"href":"https:\/\/www.europesays.com\/pt\/wp-json\/wp\/v2\/categories?post=160864"},{"taxonomy":"post_tag","embeddable":true,"href":"https:\/\/www.europesays.com\/pt\/wp-json\/wp\/v2\/tags?post=160864"}],"curies":[{"name":"wp","href":"https:\/\/api.w.org\/{rel}","templated":true}]}}