{"id":160893,"date":"2025-11-22T08:06:16","date_gmt":"2025-11-22T08:06:16","guid":{"rendered":"https:\/\/www.europesays.com\/pt\/160893\/"},"modified":"2025-11-22T08:06:16","modified_gmt":"2025-11-22T08:06:16","slug":"governo-portugues-nao-aceita-ultimatos-nem-ameacas-da-ryanair","status":"publish","type":"post","link":"https:\/\/www.europesays.com\/pt\/160893\/","title":{"rendered":"Governo portugu\u00eas &#8220;n\u00e3o aceita ultimatos nem amea\u00e7as&#8221; da Ryanair"},"content":{"rendered":"<p>A companhia a\u00e9rea de baixo custo alegou para o fim das liga\u00e7\u00f5es a\u00e9reas de e para a regi\u00e3o aut\u00f3noma dos A\u00e7ores &#8220;elevadas taxas aeroportu\u00e1rias&#8221; e acusou o Governo de &#8220;ina\u00e7\u00e3o&#8221;.<\/p>\n<p>Em declara\u00e7\u00f5es aos jornalistas a margem do 24.\u00ba Congresso da Associa\u00e7\u00e3o Nacional de Transportadores P\u00fablicos Rodovi\u00e1rios de Mercadorias (ANTRAM), em Vilamoura, no Algarve, Miguel Pinto Luz disse que as declara\u00e7\u00f5es da Ryanair &#8220;foram recebidas com enorme surpresa&#8221;<\/p>\n<p>&#8220;A Ryanair j\u00e1 nos habituou, ao longo dos anos, a atitudes e afirma\u00e7\u00f5es fora das regras normais de funcionamento entre institui\u00e7\u00f5es. Do lado do Governo portugu\u00eas n\u00e3o vai ter a mesma resposta&#8221;, afirmou o governante.<\/p>\n<p>O ministro classificou algumas das afirma\u00e7\u00f5es da Ryanair &#8220;como desonestas&#8221;, porque comparam per\u00edodos que &#8220;n\u00e3o \u00e9 poss\u00edvel comparar&#8221;.<\/p>\n<p>Segundo o ministro, as taxas de navega\u00e7\u00e3o a\u00e9rea t\u00eam vindo a descer desde 2023, colocando Portugal entre os pa\u00edses mais competitivos da Europa.<\/p>\n<p>&#8220;\u00c9 s\u00f3 avaliar a evolu\u00e7\u00e3o das taxas nos \u00faltimos anos e algumas das afirma\u00e7\u00f5es at\u00e9 s\u00e3o desonestas desse ponto de vista, porque comparam anos que n\u00e3o \u00e9 poss\u00edvel comparar&#8221;, sublinhou.<\/p>\n<p>Miguel Pinto Luz recordou ainda que &#8220;tanto o Governo Regional dos A\u00e7ores como o Turismo de Portugal t\u00eam apoiado a Ryanair para voar para Portugal e, neste caso, para o destino A\u00e7ores&#8221;, ao longo dos \u00faltimos anos.<\/p>\n<p>&#8220;Faremos tudo o que estiver ao nosso alcance para garantir que a Regi\u00e3o Aut\u00f3noma dos A\u00e7ores n\u00e3o saia prejudicada. Mas n\u00e3o aceitamos ultimatos, nem amea\u00e7as, nem falsas alega\u00e7\u00f5es. Somos pela verdade&#8221;, concluiu.<\/p>\n<p>A Ryanair anunciou na quinta-feira que ir\u00e1 cancelar todos os voos de e para os A\u00e7ores a partir de 29 de mar\u00e7o de 2026, justificando a decis\u00e3o com &#8220;taxas elevadas&#8221; e acusando o Governo portugu\u00eas de &#8220;ina\u00e7\u00e3o&#8221;, ap\u00f3s um aumento de 120% nas taxas de navega\u00e7\u00e3o a\u00e9rea e a introdu\u00e7\u00e3o de uma taxa de viagem de dois euros.<\/p>\n<p>Leia Tamb\u00e9m: <a href=\"https:\/\/www.noticiasaominuto.com\/economia\/2892472\/pinto-luz-diz-que-interesse-de-grupos-europeus-na-tap-era-previsivel\" target=\"_blank\" rel=\"noopener noreferrer nofollow\">Pinto Luz diz que interesse de grupos europeus na TAP &#8220;era previs\u00edvel&#8221;<\/a><\/p>\n","protected":false},"excerpt":{"rendered":"A companhia a\u00e9rea de baixo custo alegou para o fim das liga\u00e7\u00f5es a\u00e9reas de e para a regi\u00e3o&hellip;\n","protected":false},"author":2,"featured_media":160894,"comment_status":"","ping_status":"","sticky":false,"template":"","format":"standard","meta":{"footnotes":""},"categories":[83],"tags":[88,89,90,32,33],"class_list":{"0":"post-160893","1":"post","2":"type-post","3":"status-publish","4":"format-standard","5":"has-post-thumbnail","7":"category-empresas","8":"tag-business","9":"tag-economy","10":"tag-empresas","11":"tag-portugal","12":"tag-pt"},"share_on_mastodon":{"url":"https:\/\/pubeurope.com\/@pt\/115592323672944827","error":""},"_links":{"self":[{"href":"https:\/\/www.europesays.com\/pt\/wp-json\/wp\/v2\/posts\/160893","targetHints":{"allow":["GET"]}}],"collection":[{"href":"https:\/\/www.europesays.com\/pt\/wp-json\/wp\/v2\/posts"}],"about":[{"href":"https:\/\/www.europesays.com\/pt\/wp-json\/wp\/v2\/types\/post"}],"author":[{"embeddable":true,"href":"https:\/\/www.europesays.com\/pt\/wp-json\/wp\/v2\/users\/2"}],"replies":[{"embeddable":true,"href":"https:\/\/www.europesays.com\/pt\/wp-json\/wp\/v2\/comments?post=160893"}],"version-history":[{"count":0,"href":"https:\/\/www.europesays.com\/pt\/wp-json\/wp\/v2\/posts\/160893\/revisions"}],"wp:featuredmedia":[{"embeddable":true,"href":"https:\/\/www.europesays.com\/pt\/wp-json\/wp\/v2\/media\/160894"}],"wp:attachment":[{"href":"https:\/\/www.europesays.com\/pt\/wp-json\/wp\/v2\/media?parent=160893"}],"wp:term":[{"taxonomy":"category","embeddable":true,"href":"https:\/\/www.europesays.com\/pt\/wp-json\/wp\/v2\/categories?post=160893"},{"taxonomy":"post_tag","embeddable":true,"href":"https:\/\/www.europesays.com\/pt\/wp-json\/wp\/v2\/tags?post=160893"}],"curies":[{"name":"wp","href":"https:\/\/api.w.org\/{rel}","templated":true}]}}