{"id":160921,"date":"2025-11-22T09:26:09","date_gmt":"2025-11-22T09:26:09","guid":{"rendered":"https:\/\/www.europesays.com\/pt\/160921\/"},"modified":"2025-11-22T09:26:09","modified_gmt":"2025-11-22T09:26:09","slug":"juju-do-pix-passa-por-cirurgia-para-retirar-oleo-mineral-do-rosto","status":"publish","type":"post","link":"https:\/\/www.europesays.com\/pt\/160921\/","title":{"rendered":"Juju do Pix passa por cirurgia para retirar \u00f3leo mineral do rosto"},"content":{"rendered":"<p>A influenciadora conhecida como <strong>Juju do Pix realizou a aguardada<\/strong> <strong>cirurgia para remover o \u00f3leo mineral <\/strong>que deformou seu rosto h\u00e1 mais de cinco anos. As primeiras imagens do procedimento foram divulgadas pelo m\u00e9dico respons\u00e1vel, Thiago Marra.<\/p>\n<p>A interven\u00e7\u00e3o <strong>marcou apenas a primeira fase do tratamento<\/strong> e exigiu cautela. \u201cFizemos um procedimento conservador, como combinado, mas ainda assim conseguimos retirar muita pele e tecido. O tecido estava duro, enrijecido, totalmente impregnado por \u00f3leo mineral\u201d, afirmou.<\/p>\n<p>Ele explicou que uma <strong>segunda etapa ser\u00e1 necess\u00e1ria para remover mais material e aprimorar o resultado.<\/strong><\/p>\n<p>A cirurgia contou com o apoio dos m\u00e9dicos Alexandre Algarve e Alexandre Rezende, que classificaram o caso como <strong>um dos mais complexos que j\u00e1 enfrentaram. <\/strong>A equipe tamb\u00e9m divulgou uma pr\u00e9via de como o rosto de Juju deve ficar ap\u00f3s todas as interven\u00e7\u00f5es.<\/p>\n<p>Segundo Marra, a opera\u00e7\u00e3o n\u00e3o teve custo para a influenciadora. Em 2021,<strong> Juju chegou a arrecadar R$ 20 mil<\/strong> por meio de uma vaquinha, mas decidiu doar o valor. Agora, ela planeja retomar sua carreira de humorista.<\/p>\n<p>&#8216;Paguei por silicone industrial&#8217;<\/p>\n<p>O m\u00e9dico relatou o desejo da paciente ao <strong>refor\u00e7ar o respeito que ela merece<\/strong>: \u201cA Juju do Pix \u00e9, antes de tudo, uma comediante. Ela \u00e9 engra\u00e7ada por natureza, faz a gente rir, traz leveza\u2026 e isso \u00e9 o trabalho dela. <strong>Mas o fato de ser comediante n\u00e3o d\u00e1 direito a ningu\u00e9m de ofender<\/strong>. Independente da apar\u00eancia f\u00edsica, que amanh\u00e3, se Deus quiser, vamos melhorar, ela merece respeito\u201d.<\/p>\n<p>Juju contou anteriormente que o problema come\u00e7ou em 2017, quando procurou uma cl\u00ednica clandestina para um <a href=\"https:\/\/diariodonordeste.verdesmares.com.br\/ser-saude\/o-que-e-pmma-veja-os-riscos-da-substancia-que-causou-inchaco-no-rosto-da-influenciadora-maira-cardi-1.3580097\" rel=\"nofollow noopener\" target=\"_blank\">preenchimento facial<\/a>. Ela acreditava estar pagando por silicone industrial, mas, anos depois, <a href=\"https:\/\/diariodonordeste.verdesmares.com.br\/entretenimento\/zoeira\/atriz-marcella-maia-fica-com-rosto-paralisado-por-uso-de-silicone-industrial-1.3394107\" rel=\"nofollow noopener\" target=\"_blank\">descobriu que recebeu outro produto<\/a>.<\/p>\n<p>\t\t\t\tVeja tamb\u00e9m<\/p>\n<p>\u201cEu paguei por silicone industrial. O rosto ficou muito diferente. Hoje fui buscar o exame e descobri que n\u00e3o se trata do silicone. Eu fui tr\u00eas vezes na pessoa que aplicou e olha o que colocaram no meu rosto: \u00f3leo mineral. E o que \u00e9 o \u00f3leo mineral? Laxante para cagar! Eu fiz a primeira bomba\u00e7\u00e3o, n\u00e3o vi resultado. Fiz tr\u00eas vezes. Encheram a minha cara de laxante. No primeiro ano ficou muito bom, e depois n\u00e3o parou de aumentar, deformar\u201d, relatou em suas redes anos atr\u00e1s, quando ainda buscava ajuda.<\/p>\n","protected":false},"excerpt":{"rendered":"A influenciadora conhecida como Juju do Pix realizou a aguardada cirurgia para remover o \u00f3leo mineral que deformou&hellip;\n","protected":false},"author":2,"featured_media":160922,"comment_status":"","ping_status":"","sticky":false,"template":"","format":"standard","meta":{"footnotes":""},"categories":[145],"tags":[211,210,114,115,32,33],"class_list":{"0":"post-160921","1":"post","2":"type-post","3":"status-publish","4":"format-standard","5":"has-post-thumbnail","7":"category-celebridades","8":"tag-celebridades","9":"tag-celebrities","10":"tag-entertainment","11":"tag-entretenimento","12":"tag-portugal","13":"tag-pt"},"share_on_mastodon":{"url":"https:\/\/pubeurope.com\/@pt\/115592638216304658","error":""},"_links":{"self":[{"href":"https:\/\/www.europesays.com\/pt\/wp-json\/wp\/v2\/posts\/160921","targetHints":{"allow":["GET"]}}],"collection":[{"href":"https:\/\/www.europesays.com\/pt\/wp-json\/wp\/v2\/posts"}],"about":[{"href":"https:\/\/www.europesays.com\/pt\/wp-json\/wp\/v2\/types\/post"}],"author":[{"embeddable":true,"href":"https:\/\/www.europesays.com\/pt\/wp-json\/wp\/v2\/users\/2"}],"replies":[{"embeddable":true,"href":"https:\/\/www.europesays.com\/pt\/wp-json\/wp\/v2\/comments?post=160921"}],"version-history":[{"count":0,"href":"https:\/\/www.europesays.com\/pt\/wp-json\/wp\/v2\/posts\/160921\/revisions"}],"wp:featuredmedia":[{"embeddable":true,"href":"https:\/\/www.europesays.com\/pt\/wp-json\/wp\/v2\/media\/160922"}],"wp:attachment":[{"href":"https:\/\/www.europesays.com\/pt\/wp-json\/wp\/v2\/media?parent=160921"}],"wp:term":[{"taxonomy":"category","embeddable":true,"href":"https:\/\/www.europesays.com\/pt\/wp-json\/wp\/v2\/categories?post=160921"},{"taxonomy":"post_tag","embeddable":true,"href":"https:\/\/www.europesays.com\/pt\/wp-json\/wp\/v2\/tags?post=160921"}],"curies":[{"name":"wp","href":"https:\/\/api.w.org\/{rel}","templated":true}]}}