{"id":160925,"date":"2025-11-22T09:37:12","date_gmt":"2025-11-22T09:37:12","guid":{"rendered":"https:\/\/www.europesays.com\/pt\/160925\/"},"modified":"2025-11-22T09:37:12","modified_gmt":"2025-11-22T09:37:12","slug":"balanco-de-terramoto-no-bangladesh-atualizado-para-9-mortos-e-300-feridos","status":"publish","type":"post","link":"https:\/\/www.europesays.com\/pt\/160925\/","title":{"rendered":"Balan\u00e7o de terramoto no Bangladesh atualizado para 9 mortos e 300 feridos\u00a0\u00a0"},"content":{"rendered":"<p>O sismo ocorreu numa altura em que grande parte da popula\u00e7\u00e3o estava em casa, por sexta-feira ser dia de descanso semanal no pa\u00eds de 170 milh\u00f5es de habitantes, a maioria mu\u00e7ulmanos.<\/p>\n<p>Segundo o gabinete de imprensa do governo interino, pelo menos 14 edif\u00edcios ficaram danificados e um inc\u00eandio atingiu uma central el\u00e9trica, sendo posteriormente controlado.<\/p>\n<p>O chefe do Governo interino, Muhammad Yunus, disse estar &#8220;profundamente chocado e entristecido com as not\u00edcias de v\u00edtimas em v\u00e1rios distritos&#8221;. <\/p>\n<p>O terremoto ocorreu \u00e0s 10:38 (04:38 em Lisboa) e o seu epicentro foi localizado pr\u00f3ximo da cidade de Narsingdi.<\/p>\n<p>Os servi\u00e7os meteorol\u00f3gicos do Bangladesh relataram inicialmente um terremoto de magnitude 5,7 com epicentro na cidade de Mabhabdi, no distrito de Narsingdi, acrescentando que o tremor foi sentido por 26 segundos.<\/p>\n<p>O epicentro foi localizado a 14 quil\u00f3metros a oeste-sudoeste de Narsingdi, a cerca de 50 quil\u00f3metros de Daca.<\/p>\n<p>Segundo o Servi\u00e7o Geol\u00f3gico dos Estados Unidos (USGS) a profundidade foi de cerca de 10 quil\u00f3metros.<\/p>\n<p>O Bangladesh \u00e9 frequentemente afetado por terremotos, mas o \u00faltimo grande terremoto a atingir o pa\u00eds ocorreu em 1896.<\/p>\n<p>Leia Tamb\u00e9m: <a href=\"https:\/\/www.noticiasaominuto.com\/mundo\/2889928\/disturbios-no-bangladesh-apos-condenacao-a-morte-da-ex-primeira-ministra\" target=\"_blank\" rel=\"noreferrer noopener nofollow\">Dist\u00farbios no Bangladesh ap\u00f3s condena\u00e7\u00e3o \u00e0 morte da ex-primeira-ministra <\/a><\/p>\n","protected":false},"excerpt":{"rendered":"O sismo ocorreu numa altura em que grande parte da popula\u00e7\u00e3o estava em casa, por sexta-feira ser dia&hellip;\n","protected":false},"author":2,"featured_media":160926,"comment_status":"","ping_status":"","sticky":false,"template":"","format":"standard","meta":{"footnotes":""},"categories":[50],"tags":[27,28,15,16,14,25,26,21,22,62,12,13,19,20,23,24,17,18,29,30,31,63,64,65],"class_list":{"0":"post-160925","1":"post","2":"type-post","3":"status-publish","4":"format-standard","5":"has-post-thumbnail","7":"category-mundo","8":"tag-breaking-news","9":"tag-breakingnews","10":"tag-featured-news","11":"tag-featurednews","12":"tag-headlines","13":"tag-latest-news","14":"tag-latestnews","15":"tag-main-news","16":"tag-mainnews","17":"tag-mundo","18":"tag-news","19":"tag-noticias","20":"tag-noticias-principais","21":"tag-noticiasprincipais","22":"tag-principais-noticias","23":"tag-principaisnoticias","24":"tag-top-stories","25":"tag-topstories","26":"tag-ultimas","27":"tag-ultimas-noticias","28":"tag-ultimasnoticias","29":"tag-world","30":"tag-world-news","31":"tag-worldnews"},"share_on_mastodon":{"url":"https:\/\/pubeurope.com\/@pt\/115592681622766737","error":""},"_links":{"self":[{"href":"https:\/\/www.europesays.com\/pt\/wp-json\/wp\/v2\/posts\/160925","targetHints":{"allow":["GET"]}}],"collection":[{"href":"https:\/\/www.europesays.com\/pt\/wp-json\/wp\/v2\/posts"}],"about":[{"href":"https:\/\/www.europesays.com\/pt\/wp-json\/wp\/v2\/types\/post"}],"author":[{"embeddable":true,"href":"https:\/\/www.europesays.com\/pt\/wp-json\/wp\/v2\/users\/2"}],"replies":[{"embeddable":true,"href":"https:\/\/www.europesays.com\/pt\/wp-json\/wp\/v2\/comments?post=160925"}],"version-history":[{"count":0,"href":"https:\/\/www.europesays.com\/pt\/wp-json\/wp\/v2\/posts\/160925\/revisions"}],"wp:featuredmedia":[{"embeddable":true,"href":"https:\/\/www.europesays.com\/pt\/wp-json\/wp\/v2\/media\/160926"}],"wp:attachment":[{"href":"https:\/\/www.europesays.com\/pt\/wp-json\/wp\/v2\/media?parent=160925"}],"wp:term":[{"taxonomy":"category","embeddable":true,"href":"https:\/\/www.europesays.com\/pt\/wp-json\/wp\/v2\/categories?post=160925"},{"taxonomy":"post_tag","embeddable":true,"href":"https:\/\/www.europesays.com\/pt\/wp-json\/wp\/v2\/tags?post=160925"}],"curies":[{"name":"wp","href":"https:\/\/api.w.org\/{rel}","templated":true}]}}