{"id":160931,"date":"2025-11-22T09:46:09","date_gmt":"2025-11-22T09:46:09","guid":{"rendered":"https:\/\/www.europesays.com\/pt\/160931\/"},"modified":"2025-11-22T09:46:09","modified_gmt":"2025-11-22T09:46:09","slug":"mourinho-quem-nao-aproveita-oportunidades-nao-me-venha-bater-a-porta","status":"publish","type":"post","link":"https:\/\/www.europesays.com\/pt\/160931\/","title":{"rendered":"Mourinho: \u00abQuem n\u00e3o aproveita oportunidades, n\u00e3o me venha bater \u00e0 porta\u00bb"},"content":{"rendered":"<p style=\"margin-bottom:11px\"><strong>Jos\u00e9 Mourinho dirigiu muitas cr\u00edticas \u00e0 equipa, mas abriu uma exce\u00e7\u00e3o para o jovem estreante Rodrigo R\u00eago que jogou sobre a esquerda frente ao Atl\u00e9tico, na IV eliminat\u00f3ria da Ta\u00e7a de Portugal.<\/strong><\/p>\n<p>\u00abGostei, n\u00e3o me defraudou em nada. O meu interesse no Rodrigo parte nos primeiros dias depois de ter chegado ao Benfica, quando ainda n\u00e3o tinha percebido bem o potencial de cada jogador jovem, mas de perceber claramente o tipo de atitude que cada jogador tem.<\/p>\n<p>\u00abE ele chamou-me imediatamente a aten\u00e7\u00e3o pela atitude que tem, pela data que tem em cada jogo, em cada treino. Trabalha em intensidades alt\u00edssimas. Tem a capacidade de repetir a\u00e7\u00f5es de alta intensidade e de repetir, repetir, repetir. Tem muito car\u00e1cter, pode jogar em sistemas diferentes. Pode jogar na direita, pode jogar na esquerda. O Ver\u00edssimo jogou os \u00faltimos jogos a cinco, n\u00f3s jog\u00e1mos a tr\u00eas, mas ele, jogando como ala, n\u00e3o tem s\u00f3 pernas para andar, tem qualidade t\u00e9cnica e tem cruzamento\u00bb.<\/p>\n<p>\u00abPortanto, \u00e9 um mi\u00fado que quase de certeza que n\u00e3o me ia defraudar. Estou contente, por isso ele jogou os 90 minutos. Se ele tivesse idade ia jogar agora na Youth League, mas, como n\u00e3o tem, vai ficar comigo e vai ficar para jogar, n\u00e3o sei se de in\u00edcio ou a partir do banco. Quem n\u00e3o aproveita oportunidades e v\u00ea mi\u00fados passarem-lhe \u00e0 frente, depois n\u00e3o me venha bater \u00e0 porta a perguntar porqu\u00ea.\u00bb<\/p>\n","protected":false},"excerpt":{"rendered":"Jos\u00e9 Mourinho dirigiu muitas cr\u00edticas \u00e0 equipa, mas abriu uma exce\u00e7\u00e3o para o jovem estreante Rodrigo R\u00eago que&hellip;\n","protected":false},"author":2,"featured_media":160932,"comment_status":"","ping_status":"","sticky":false,"template":"","format":"standard","meta":{"footnotes":""},"categories":[87],"tags":[27514,51,135,2966,46,32,33,47,34197,134,3142],"class_list":{"0":"post-160931","1":"post","2":"type-post","3":"status-publish","4":"format-standard","5":"has-post-thumbnail","7":"category-desporto","8":"tag-atletico","9":"tag-benfica","10":"tag-desporto","11":"tag-ivanovic","12":"tag-maisfutebol","13":"tag-portugal","14":"tag-pt","15":"tag-pura-paixao","16":"tag-rodrigo-rego","17":"tag-sports","18":"tag-taca-de-portugal"},"share_on_mastodon":{"url":"https:\/\/pubeurope.com\/@pt\/115592716846714597","error":""},"_links":{"self":[{"href":"https:\/\/www.europesays.com\/pt\/wp-json\/wp\/v2\/posts\/160931","targetHints":{"allow":["GET"]}}],"collection":[{"href":"https:\/\/www.europesays.com\/pt\/wp-json\/wp\/v2\/posts"}],"about":[{"href":"https:\/\/www.europesays.com\/pt\/wp-json\/wp\/v2\/types\/post"}],"author":[{"embeddable":true,"href":"https:\/\/www.europesays.com\/pt\/wp-json\/wp\/v2\/users\/2"}],"replies":[{"embeddable":true,"href":"https:\/\/www.europesays.com\/pt\/wp-json\/wp\/v2\/comments?post=160931"}],"version-history":[{"count":0,"href":"https:\/\/www.europesays.com\/pt\/wp-json\/wp\/v2\/posts\/160931\/revisions"}],"wp:featuredmedia":[{"embeddable":true,"href":"https:\/\/www.europesays.com\/pt\/wp-json\/wp\/v2\/media\/160932"}],"wp:attachment":[{"href":"https:\/\/www.europesays.com\/pt\/wp-json\/wp\/v2\/media?parent=160931"}],"wp:term":[{"taxonomy":"category","embeddable":true,"href":"https:\/\/www.europesays.com\/pt\/wp-json\/wp\/v2\/categories?post=160931"},{"taxonomy":"post_tag","embeddable":true,"href":"https:\/\/www.europesays.com\/pt\/wp-json\/wp\/v2\/tags?post=160931"}],"curies":[{"name":"wp","href":"https:\/\/api.w.org\/{rel}","templated":true}]}}