{"id":160947,"date":"2025-11-22T10:05:08","date_gmt":"2025-11-22T10:05:08","guid":{"rendered":"https:\/\/www.europesays.com\/pt\/160947\/"},"modified":"2025-11-22T10:05:08","modified_gmt":"2025-11-22T10:05:08","slug":"luisa-catarina-sousa-gomes-da-silva","status":"publish","type":"post","link":"https:\/\/www.europesays.com\/pt\/160947\/","title":{"rendered":"Lu\u00edsa Catarina Sousa Gomes da Silva"},"content":{"rendered":"\n<p>Seus filhos, noras, neta, neto, demais familiares, amigos e vizinhos cumprem o doloroso dever de participar a todas as pessoas de suas rela\u00e7\u00f5es profissionais e amizade o falecimento da sua saudosa familiar e amiga Lu\u00edsa Catarina Sousa Gomes da Silva, natural da freguesia do Monte, Funchal, e residente em \u00c1gua de Pena, Machico.<\/p>\n<p>O funeral realizar-se-\u00e1 amanh\u00e3, domingo, dia 23 de novembro.<\/p>\n<p>O corpo estar\u00e1 em c\u00e2mara ardente, nas instala\u00e7\u00f5es da ag\u00eancia funer\u00e1ria Grande Homenagem (Rua Engenho do Mel n\u00ba1), Funchal, entre as 10:30h e as 11:30h, saindo de seguida em cortejo, em dire\u00e7\u00e3o \u00e0 Capela do Cemit\u00e9rio de Nossa Senhora das Ang\u00fastias, S\u00e3o Martinho, Funchal, onde ser\u00e1 celebrada missa de corpo presente pelas 12:30h, prosseguindo para crema\u00e7\u00e3o, no referido cemit\u00e9rio. <\/p>\n<p>Mais se informa que ser\u00e1 celebrada missa de 7.\u00ba dia, ter\u00e7a-feira, dia 25 de novembro, na Igreja Paroquial de Nossa Senhora da Nazar\u00e9, Funchal, pelas 19:00h, agradecendo desde j\u00e1 a todas as pessoas que por amizade e solidariedade venham a participar nesta eucaristia.<\/p>\n<p>A fam\u00edlia agradece todas as manifesta\u00e7\u00f5es de pesar e solidariedade recebidas de todos os que a acompanham neste momento de perda e dor. Igualmente agradece \u00e0s pessoas que acompanharem a cerim\u00f3nia religiosa.<\/p>\n<p>\u00c9 com profundo pesar que o Dreams Madeira Resort Spa &amp; Marina comunica o falecimento da nossa colaboradora Lu\u00edsa Catarina Sousa Gomes da Silva, que fez parte da nossa equipa com dedica\u00e7\u00e3o e profissionalismo.<\/p>\n<p>Durante o tempo em que esteve connosco, a Catarina ser\u00e1 sempre lembrada pela sua simpatia, resili\u00eancia e do\u00e7ura, qualidades que marcaram todos aqueles que tiveram o privil\u00e9gio de trabalhar ao seu lado. Mais do que uma colega, a Catarina foi uma amiga, deixando uma presen\u00e7a inesquec\u00edvel no nosso dia a dia.<\/p>\n<p>Neste momento de dor e saudade, endere\u00e7amos \u00e0 fam\u00edlia e aos amigos as mais sinceras condol\u00eancias, expressando tamb\u00e9m o nosso reconhecimento e gratid\u00e3o pelo contributo e legado que a Catarina deixa na nossa organiza\u00e7\u00e3o.<\/p>\n<p>Funchal, 22 de novembro de 2025 <\/p>\n","protected":false},"excerpt":{"rendered":"Seus filhos, noras, neta, neto, demais familiares, amigos e vizinhos cumprem o doloroso dever de participar a todas&hellip;\n","protected":false},"author":2,"featured_media":160948,"comment_status":"","ping_status":"","sticky":false,"template":"","format":"standard","meta":{"footnotes":""},"categories":[83],"tags":[88,89,90,32,33],"class_list":{"0":"post-160947","1":"post","2":"type-post","3":"status-publish","4":"format-standard","5":"has-post-thumbnail","7":"category-empresas","8":"tag-business","9":"tag-economy","10":"tag-empresas","11":"tag-portugal","12":"tag-pt"},"share_on_mastodon":{"url":"https:\/\/pubeurope.com\/@pt\/115592791678420247","error":""},"_links":{"self":[{"href":"https:\/\/www.europesays.com\/pt\/wp-json\/wp\/v2\/posts\/160947","targetHints":{"allow":["GET"]}}],"collection":[{"href":"https:\/\/www.europesays.com\/pt\/wp-json\/wp\/v2\/posts"}],"about":[{"href":"https:\/\/www.europesays.com\/pt\/wp-json\/wp\/v2\/types\/post"}],"author":[{"embeddable":true,"href":"https:\/\/www.europesays.com\/pt\/wp-json\/wp\/v2\/users\/2"}],"replies":[{"embeddable":true,"href":"https:\/\/www.europesays.com\/pt\/wp-json\/wp\/v2\/comments?post=160947"}],"version-history":[{"count":0,"href":"https:\/\/www.europesays.com\/pt\/wp-json\/wp\/v2\/posts\/160947\/revisions"}],"wp:featuredmedia":[{"embeddable":true,"href":"https:\/\/www.europesays.com\/pt\/wp-json\/wp\/v2\/media\/160948"}],"wp:attachment":[{"href":"https:\/\/www.europesays.com\/pt\/wp-json\/wp\/v2\/media?parent=160947"}],"wp:term":[{"taxonomy":"category","embeddable":true,"href":"https:\/\/www.europesays.com\/pt\/wp-json\/wp\/v2\/categories?post=160947"},{"taxonomy":"post_tag","embeddable":true,"href":"https:\/\/www.europesays.com\/pt\/wp-json\/wp\/v2\/tags?post=160947"}],"curies":[{"name":"wp","href":"https:\/\/api.w.org\/{rel}","templated":true}]}}