{"id":160951,"date":"2025-11-22T10:09:23","date_gmt":"2025-11-22T10:09:23","guid":{"rendered":"https:\/\/www.europesays.com\/pt\/160951\/"},"modified":"2025-11-22T10:09:23","modified_gmt":"2025-11-22T10:09:23","slug":"gisele-bundchen-adota-penteado-da-geracao-z-e-o-look-esta-dando-o-que-falar","status":"publish","type":"post","link":"https:\/\/www.europesays.com\/pt\/160951\/","title":{"rendered":"Gisele B\u00fcndchen adota penteado da Gera\u00e7\u00e3o Z e o look est\u00e1 dando o que falar"},"content":{"rendered":"<p>  <img class=\"content-first-image wp-image-2725191 size-large\" loading=\"eager\" decoding=\"sync\" fetchpriority=\"high\" src=\"https:\/\/www.europesays.com\/pt\/wp-content\/uploads\/2025\/11\/gisele-1300x975.jpg\" alt=\"Gisele B\u00fcndchen nos Stories do seu Instagram \" width=\"1300\" height=\"975\"  \/>Gisele B\u00fcndchen adota a risca ao meio. O visual da supermodelo \u00e9 tend\u00eancia Gen ZFoto: Gisele B\u00fcndchen\/@gisele\/ND Mais<\/p>\n<p>Gisele B\u00fcndchen mais uma vez chamou a aten\u00e7\u00e3o ao apostar em um <strong>visual que mistura eleg\u00e2ncia e modernidade<\/strong>.<\/p>\n<p>Nos Stories do Instagram, a supermodelo exibiu seu cabelo com risca ao meio, o estilo queridinho da Gera\u00e7\u00e3o Z <a href=\"https:\/\/ndmais.com.br\/moda-e-beleza\/cabelo-repartido-no-meio-ou-de-lado-qual-divisao-realmente-rejuvenesce-o-rosto\/\" rel=\"nofollow noopener\" target=\"_blank\">que gera muita discuss\u00e3o sobre qual a maneira correta de repartir o cabelo<\/a>, junto com um look minimalista.<\/p>\n<p>Gisele B\u00fcndchen apareceu em um v\u00eddeo curto nos Stories usando uma <strong>blusa preta sem mangas e gola alta<\/strong>.<\/p>\n<p><a class=\"cta-discover d-flex justify-content-between align-items-center w-100\" target=\"_blank\" rel=\"nofollow noopner noopener\" href=\"https:\/\/profile.google.com\/cp\/Cg0vZy8xMXZ5cjY4NHho\">   Fa\u00e7a como milh\u00f5es de leitores informados: siga o ND Mais no Google.  Seguir<\/a> <\/p>\n<p>Mas, segundo a revista InStyle, o que chamou aten\u00e7\u00e3o foi o cabelo dela, ondas leves e uma risca no meio bem marcada, que se tornou o destaque do v\u00eddeo.<\/p>\n<p>Por que a risca ao meio se tornou um statement de moda?<img class=\"wp-image-2725190 size-full\" loading=\"lazy\" decoding=\"async\" src=\"https:\/\/www.europesays.com\/pt\/wp-content\/uploads\/2025\/11\/1763806161_175_gisele-2.jpg\" alt=\"Gisele B\u00fcndchen em pose para foto para divulga\u00e7\u00e3o de um rel\u00f3gio em seu Instagram \" width=\"1080\" height=\"810\"  \/>O look divide gera\u00e7\u00f5es e Gisele escolheu seu ladoFoto: Gisele B\u00fcndchen\/@gisele\/ND Mais<\/p>\n<p>Segundo a InStyle, cabelo com risca ao meio vai al\u00e9m de um simples estilo, ele se tornou um s\u00edmbolo da Gera\u00e7\u00e3o Z.<\/p>\n<p>Muito popular no TikTok, o penteado surge como contraste \u00e0 risca lateral, que marcou os anos 2000 e os Millennials.<\/p>\n<p>Gisele B\u00fcndchen, sempre elegante, mostrou que domina os dois estilos, agora com o cabelo repartido ao meio, valorizando o seu rosto.<\/p>\n<p>Al\u00e9m da moda, Gisele B\u00fcndchen e a vida com Joaquim Valente<img class=\"size-large wp-image-2360936\" loading=\"lazy\" decoding=\"async\" src=\"https:\/\/www.europesays.com\/pt\/wp-content\/uploads\/2025\/11\/gisele-bundchen-e-joaquim-valente-1300x731.jpg\" alt=\"Joaquim Valente e Gisele B\u00fcndchen assumiram namoro em mar\u00e7o de 2024Foto: Reprodu\u00e7\u00e3o\/ND\" width=\"1286\" height=\"723\"  \/>Joaquim Valente e Gisele B\u00fcndchen assumiram namoro em mar\u00e7o de 2024Foto: Reprodu\u00e7\u00e3o\/ND<\/p>\n<p>A atualiza\u00e7\u00e3o no visual acompanha um momento de celebra\u00e7\u00e3o pessoal para Gisele B\u00fcndchen.<\/p>\n<p>Recentemente a modelo comemorou o anivers\u00e1rio do seu parceiro e instrutor de jiu-jitsu Joaquim Valente. <a href=\"https:\/\/ndmais.com.br\/famosos\/gisele-bundchen-posta-foto-com-joaquim-valente-e-faz-declaracao-romantica-te-amo\/\" rel=\"nofollow noopener\" target=\"_blank\">Nos Stories do Instagram, a \u00fcbermodel compartilhou uma foto rara do casal na praia<\/a>, acompanhados do filho que tiveram em fevereiro.<\/p>\n<p><img class=\"size-large wp-image-2711367\" loading=\"lazy\" decoding=\"async\" src=\"https:\/\/www.europesays.com\/pt\/wp-content\/uploads\/2025\/11\/gisele-bundchen-posta-foto-com-joaquim-valente-e-faz-declaracao-romantica-3-1300x867.jpg\" alt=\"O casal vem mantendo uma rela\u00e7\u00e3o discretaFoto: Gisele Bu\u0308ndchen\/@gisele\/Instagram\" width=\"1286\" height=\"858\"  \/>O casal vem mantendo uma rela\u00e7\u00e3o discretaFoto: Gisele Bu\u0308ndchen\/@gisele\/Instagram       <\/p>\n","protected":false},"excerpt":{"rendered":"Gisele B\u00fcndchen adota a risca ao meio. O visual da supermodelo \u00e9 tend\u00eancia Gen ZFoto: Gisele B\u00fcndchen\/@gisele\/ND Mais&hellip;\n","protected":false},"author":2,"featured_media":160952,"comment_status":"","ping_status":"","sticky":false,"template":"","format":"standard","meta":{"footnotes":""},"categories":[145],"tags":[726,211,210,1967,114,115,25338,1968,32,33],"class_list":{"0":"post-160951","1":"post","2":"type-post","3":"status-publish","4":"format-standard","5":"has-post-thumbnail","7":"category-celebridades","8":"tag-brasil","9":"tag-celebridades","10":"tag-celebrities","11":"tag-contedo-de-internet","12":"tag-entertainment","13":"tag-entretenimento","14":"tag-moda-e-beleza","15":"tag-notcia","16":"tag-portugal","17":"tag-pt"},"share_on_mastodon":{"url":"https:\/\/pubeurope.com\/@pt\/115592807492729075","error":""},"_links":{"self":[{"href":"https:\/\/www.europesays.com\/pt\/wp-json\/wp\/v2\/posts\/160951","targetHints":{"allow":["GET"]}}],"collection":[{"href":"https:\/\/www.europesays.com\/pt\/wp-json\/wp\/v2\/posts"}],"about":[{"href":"https:\/\/www.europesays.com\/pt\/wp-json\/wp\/v2\/types\/post"}],"author":[{"embeddable":true,"href":"https:\/\/www.europesays.com\/pt\/wp-json\/wp\/v2\/users\/2"}],"replies":[{"embeddable":true,"href":"https:\/\/www.europesays.com\/pt\/wp-json\/wp\/v2\/comments?post=160951"}],"version-history":[{"count":0,"href":"https:\/\/www.europesays.com\/pt\/wp-json\/wp\/v2\/posts\/160951\/revisions"}],"wp:featuredmedia":[{"embeddable":true,"href":"https:\/\/www.europesays.com\/pt\/wp-json\/wp\/v2\/media\/160952"}],"wp:attachment":[{"href":"https:\/\/www.europesays.com\/pt\/wp-json\/wp\/v2\/media?parent=160951"}],"wp:term":[{"taxonomy":"category","embeddable":true,"href":"https:\/\/www.europesays.com\/pt\/wp-json\/wp\/v2\/categories?post=160951"},{"taxonomy":"post_tag","embeddable":true,"href":"https:\/\/www.europesays.com\/pt\/wp-json\/wp\/v2\/tags?post=160951"}],"curies":[{"name":"wp","href":"https:\/\/api.w.org\/{rel}","templated":true}]}}