{"id":160977,"date":"2025-11-22T10:34:16","date_gmt":"2025-11-22T10:34:16","guid":{"rendered":"https:\/\/www.europesays.com\/pt\/160977\/"},"modified":"2025-11-22T10:34:16","modified_gmt":"2025-11-22T10:34:16","slug":"gaza-netanyahu-diz-que-o-pior-da-guerra-ja-passou-mas-nao-descarta-novo-reacendimento","status":"publish","type":"post","link":"https:\/\/www.europesays.com\/pt\/160977\/","title":{"rendered":"Gaza. Netanyahu diz que o pior da guerra &#8220;j\u00e1 passou&#8221; mas n\u00e3o descarta novo reacendimento"},"content":{"rendered":"<p>                Em entrevista ao canal israelita <a href=\"https:\/\/abualiexpress.com\/en\/en62075\/\" target=\"_blank\" rel=\"nofollow noopener\">Abu Ali Express<\/a>, Benjamin Netanyahu disse acreditar que a guerra em Gaza, &#8220;ou pelo menos a pior parte dela\u201d, j\u00e1 terminou, embora deixe claro que podem \u201cretomar os combates em qualquer setor\u201d.<\/p>\n<p><b>\u201cA guerra em sentido amplo, com as sete frentes paralelas, ficou para tr\u00e1s\u201d, declarou.<\/b><\/p>\n<p>As declara\u00e7\u00f5es foram feitas apesar de uma onda de ataques israelitas tanto em Gaza como no L\u00edbano. <b>Bombardeamentos israelitas na quinta-feira mataram pelo menos 30 pessoas na Faixa de Gaza, enquanto Israel e o Hamas trocam acusa\u00e7\u00f5es sobre a viola\u00e7\u00e3o do cessar-fogo assinado h\u00e1 apenas seis semanas.<\/b><\/p>\n<p>O primeiro-ministro israelita reiterou mais uma vez a sua firme oposi\u00e7\u00e3o a um Estado palestiniano, afirmando que Israel n\u00e3o mudar\u00e1 de posi\u00e7\u00e3o sobre o assunto, nem mesmo para garantir a normaliza\u00e7\u00e3o das rela\u00e7\u00f5es com a Ar\u00e1bia Saudita.<\/p>\n<p><b>\u201cN\u00e3o haver\u00e1 um Estado palestiniano. Simples assim\u2026 \u00c9 uma amea\u00e7a existencial para Israel\u201d, disse Netanyahu durante a entrevista.<\/b><\/p>\n<p>Apesar disso, o l\u00edder israelita afirmou que ainda mant\u00e9m um &#8220;otimismo cauteloso&#8221; em rela\u00e7\u00e3o a uma poss\u00edvel normaliza\u00e7\u00e3o das rela\u00e7\u00f5es com a Ar\u00e1bia Saudita, que, segundo ele, foi prejudicada pela guerra em Gaza.<\/p>\n<p>\u201c\u00c9 poss\u00edvel que as condi\u00e7\u00f5es se concretizem, mas elas teriam de ser aceit\u00e1veis para ambos os lados, boas para ambos os lados\u201d, disse. \u201cSe chegarmos a um acordo, \u00f3timo, e se n\u00e3o, protegeremos nossos interesses vitais\u201d, acrescentou.<br \/>&#13;<br \/>\nPromessa de reabrir passagem de Rafah <br \/>&#13;<br \/>\nNetanyahu anunciou ainda que a passagem de Rafah, na fronteira com o Egito, ser\u00e1 reaberta aos habitantes de Gaza que pretendam sair do enclave, assim que receber os restos mortais dos tr\u00eas ref\u00e9ns que ainda permanecem em Gaza.<\/p>\n<p><b>&#8220;Concord\u00e1mos em abrir a passagem depois de recebermos todos os nossos ref\u00e9ns. Estamos muito perto de concluir este processo e, assim que estiver conclu\u00eddo, abriremos a passagem&#8221;, disse o primeiro-ministro israelita na entrevista.\u00a0<\/b>Os restos mortais de tr\u00eas ref\u00e9ns (Dror Or, Ran Gvili e Sudthisak Rinthalak) ainda se encontram em Gaza.<\/p>\n<p>Netanyahu acrescentou que, assim que todos os ref\u00e9ns forem devolvidos e a passagem for reaberta, &#8220;ficar\u00e1 muito feliz por ver o Egito a permitir que qualquer cidad\u00e3o de Gaza que queira sair [pela passagem] o fa\u00e7a \u2014 porque isso n\u00e3o aconteceu at\u00e9 hoje&#8221;.<\/p>\n<p><b>\u201cQualquer pessoa em Gaza que queira sair deve poder faz\u00ea-lo, e esse direito tem-lhes sido negado\u201d<\/b>, disse o l\u00edder israelita, acrescentando que o plano de 20 pontos de Washington para Gaza \u201cinclu\u00eda esse direito: estabelece o princ\u00edpio de que qualquer pessoa em Gaza que queira sair pode sair. N\u00e3o se trata de expulsar ningu\u00e9m, mas se uma pessoa quiser sair, que saia. Se o Egito aceitar isso, penso que \u00e9 muito positivo\u201d.<\/p>\n<p>A embaixada palestiniana no Egito tem pressionado para a reabertura da passagem, que est\u00e1 praticamente encerrada desde que as for\u00e7as israelitas entraram em Rafah, em maio de 2024, para permitir o regresso dos palestinianos residentes no Egito a Gaza. O Egipto, por sua vez, tem prometido repetidamente bloquear qualquer \u201cdesloca\u00e7\u00e3o\u201d de pessoas da Faixa de Gaza, afirmando que essa \u00e9 uma \u201clinha vermelha\u201d para o Cairo.&#13;\n            <\/p>\n","protected":false},"excerpt":{"rendered":"Em entrevista ao canal israelita Abu Ali Express, Benjamin Netanyahu disse acreditar que a guerra em Gaza, &#8220;ou&hellip;\n","protected":false},"author":2,"featured_media":160978,"comment_status":"","ping_status":"","sticky":false,"template":"","format":"standard","meta":{"footnotes":"","_share_on_mastodon":"0"},"categories":[50],"tags":[27,28,15,16,532,255,14,259,25,26,21,22,62,7626,12,13,19,20,23,24,17,18,29,30,31,63,64,65],"class_list":["post-160977","post","type-post","status-publish","format-standard","has-post-thumbnail","category-mundo","tag-breaking-news","tag-breakingnews","tag-featured-news","tag-featurednews","tag-gaza","tag-hamas","tag-headlines","tag-israel","tag-latest-news","tag-latestnews","tag-main-news","tag-mainnews","tag-mundo","tag-netanyahu","tag-news","tag-noticias","tag-noticias-principais","tag-noticiasprincipais","tag-principais-noticias","tag-principaisnoticias","tag-top-stories","tag-topstories","tag-ultimas","tag-ultimas-noticias","tag-ultimasnoticias","tag-world","tag-world-news","tag-worldnews"],"share_on_mastodon":{"url":"https:\/\/pubeurope.com\/@pt\/115592905527995428","error":""},"_links":{"self":[{"href":"https:\/\/www.europesays.com\/pt\/wp-json\/wp\/v2\/posts\/160977","targetHints":{"allow":["GET"]}}],"collection":[{"href":"https:\/\/www.europesays.com\/pt\/wp-json\/wp\/v2\/posts"}],"about":[{"href":"https:\/\/www.europesays.com\/pt\/wp-json\/wp\/v2\/types\/post"}],"author":[{"embeddable":true,"href":"https:\/\/www.europesays.com\/pt\/wp-json\/wp\/v2\/users\/2"}],"replies":[{"embeddable":true,"href":"https:\/\/www.europesays.com\/pt\/wp-json\/wp\/v2\/comments?post=160977"}],"version-history":[{"count":0,"href":"https:\/\/www.europesays.com\/pt\/wp-json\/wp\/v2\/posts\/160977\/revisions"}],"wp:featuredmedia":[{"embeddable":true,"href":"https:\/\/www.europesays.com\/pt\/wp-json\/wp\/v2\/media\/160978"}],"wp:attachment":[{"href":"https:\/\/www.europesays.com\/pt\/wp-json\/wp\/v2\/media?parent=160977"}],"wp:term":[{"taxonomy":"category","embeddable":true,"href":"https:\/\/www.europesays.com\/pt\/wp-json\/wp\/v2\/categories?post=160977"},{"taxonomy":"post_tag","embeddable":true,"href":"https:\/\/www.europesays.com\/pt\/wp-json\/wp\/v2\/tags?post=160977"}],"curies":[{"name":"wp","href":"https:\/\/api.w.org\/{rel}","templated":true}]}}