{"id":160988,"date":"2025-11-22T10:47:20","date_gmt":"2025-11-22T10:47:20","guid":{"rendered":"https:\/\/www.europesays.com\/pt\/160988\/"},"modified":"2025-11-22T10:47:20","modified_gmt":"2025-11-22T10:47:20","slug":"testamos-este-carplay-e-nao-vais-acreditar-no-preco-da-black-friday-tecnologia","status":"publish","type":"post","link":"https:\/\/www.europesays.com\/pt\/160988\/","title":{"rendered":"Test\u00e1mos este CarPlay e n\u00e3o vais acreditar no pre\u00e7o da Black Friday &#8211; Tecnologia"},"content":{"rendered":"<p class=\"corpo-noticia__paragrafo\">\n<p>Atualizar o carro com tecnologia moderna nunca foi t\u00e3o f\u00e1cil. A instala\u00e7\u00e3o \u00e9 incrivelmente simples: plug and play. Eu s\u00f3 tive de ligar o aparelho ao isqueiro do carro, escolher uma frequ\u00eancia livre no r\u00e1dio do carro e sincronizar, sem desmontar nada e em menos de 5 minutos estava pronto a usar. Em minutos, qualquer carro antigo ganha acesso a CarPlay e Android Auto sem fios!<\/p>\n<p class=\"corpo-noticia__paragrafo\">.<\/p>\n<p>                <img draggable=\"false\" class=\"b-lazy produto__image\"\/><\/p>\n<p class=\"corpo-noticia__paragrafo\">Assim que entras no carro, o sistema liga-se automaticamente ao telem\u00f3vel. Navega\u00e7\u00e3o, mensagens, chamadas e m\u00fasica passam para o ecr\u00e3 de forma fluida, tornando a condu\u00e7\u00e3o mais pr\u00e1tica e divertida. E o melhor: o som continua a sair pelas colunas originais do carro, mantendo a qualidade que j\u00e1 conheces. O ecr\u00e3 responde bem ao toque e \u00e9 compat\u00edvel com praticamente todos os modelos de carro. D\u00e1 para ligar dois dispositivos ao mesmo tempo, usar Bluetooth, reproduzir m\u00fasica ou v\u00eddeo e at\u00e9 fazer chamadas sem precisar tocar no telem\u00f3vel.<\/p>\n<p class=\"corpo-noticia__paragrafo\">Um dos pontos que mais gostei foi a liga\u00e7\u00e3o direta com o Google Assistant. D\u00e1 para dizer \u201cOk Google, liga para m\u00e3e\u201d ou \u201cOk Google, navega para casa\u201d sem tirar as m\u00e3os do volante, realmente facilita a vida\u00a0e torna a condu\u00e7\u00e3o mais segura e pr\u00e1tica. E aqui est\u00e1 o detalhe mais impressionante: durante a Black Friday, <b><a href=\"https:\/\/pt.aliexpress.com\/item\/1005007460481482.html\" target=\"_blank\" rel=\"sponsored nofollow noopener\">podes comprar este CarPlay port\u00e1til por apenas 23\u20ac<\/a><\/b> com o cup\u00e3o <b>BF26VIO<\/b> no AliExpress, uma oportunidade rara para quem quer modernizar o carro sem gastar muito.<\/p>\n<p class=\"corpo-noticia__paragrafo\">Depois de semanas de uso di\u00e1rio, podemos dizer com seguran\u00e7a: este CarPlay transforma completamente a experi\u00eancia no carro, oferecendo tecnologia moderna, praticidade e valor real pelo pre\u00e7o.<\/p>\n","protected":false},"excerpt":{"rendered":"Atualizar o carro com tecnologia moderna nunca foi t\u00e3o f\u00e1cil. A instala\u00e7\u00e3o \u00e9 incrivelmente simples: plug and play.&hellip;\n","protected":false},"author":2,"featured_media":160989,"comment_status":"","ping_status":"","sticky":false,"template":"","format":"standard","meta":{"footnotes":""},"categories":[83],"tags":[88,89,90,32,33],"class_list":{"0":"post-160988","1":"post","2":"type-post","3":"status-publish","4":"format-standard","5":"has-post-thumbnail","7":"category-empresas","8":"tag-business","9":"tag-economy","10":"tag-empresas","11":"tag-portugal","12":"tag-pt"},"share_on_mastodon":{"url":"https:\/\/pubeurope.com\/@pt\/115592956807180799","error":""},"_links":{"self":[{"href":"https:\/\/www.europesays.com\/pt\/wp-json\/wp\/v2\/posts\/160988","targetHints":{"allow":["GET"]}}],"collection":[{"href":"https:\/\/www.europesays.com\/pt\/wp-json\/wp\/v2\/posts"}],"about":[{"href":"https:\/\/www.europesays.com\/pt\/wp-json\/wp\/v2\/types\/post"}],"author":[{"embeddable":true,"href":"https:\/\/www.europesays.com\/pt\/wp-json\/wp\/v2\/users\/2"}],"replies":[{"embeddable":true,"href":"https:\/\/www.europesays.com\/pt\/wp-json\/wp\/v2\/comments?post=160988"}],"version-history":[{"count":0,"href":"https:\/\/www.europesays.com\/pt\/wp-json\/wp\/v2\/posts\/160988\/revisions"}],"wp:featuredmedia":[{"embeddable":true,"href":"https:\/\/www.europesays.com\/pt\/wp-json\/wp\/v2\/media\/160989"}],"wp:attachment":[{"href":"https:\/\/www.europesays.com\/pt\/wp-json\/wp\/v2\/media?parent=160988"}],"wp:term":[{"taxonomy":"category","embeddable":true,"href":"https:\/\/www.europesays.com\/pt\/wp-json\/wp\/v2\/categories?post=160988"},{"taxonomy":"post_tag","embeddable":true,"href":"https:\/\/www.europesays.com\/pt\/wp-json\/wp\/v2\/tags?post=160988"}],"curies":[{"name":"wp","href":"https:\/\/api.w.org\/{rel}","templated":true}]}}