{"id":160990,"date":"2025-11-22T10:48:33","date_gmt":"2025-11-22T10:48:33","guid":{"rendered":"https:\/\/www.europesays.com\/pt\/160990\/"},"modified":"2025-11-22T10:48:33","modified_gmt":"2025-11-22T10:48:33","slug":"deixaram-as-filhas-de-9-e-4-anos-sozinhas-em-casa-no-natal-com-refeicoes-congeladas-e-partiram-de-ferias-para-o-mexico-dois-as-10","status":"publish","type":"post","link":"https:\/\/www.europesays.com\/pt\/160990\/","title":{"rendered":"Deixaram as filhas de 9 e 4 anos sozinhas em casa no Natal com refei\u00e7\u00f5es congeladas e partiram de f\u00e9rias para o M\u00e9xico &#8211; Dois \u00e0s 10"},"content":{"rendered":"<p>                        Um engenheiro de 45 anos e a mulher, de 35, deixaram as crian\u00e7as apenas com cereais, comida no congelador e sem acesso a um contacto telef\u00f3nico. O caso abalou toda uma na\u00e7\u00e3o<\/p>\n<p>Este caso chocou os Estados Unidos nos anos 90: duas meninas de Chicago, Nicole Schoo, de nove\u00a0anos, e a irm\u00e3 Diana, de quatro , foram encontradas sozinhas em casa depois de os pais as terem deixado para seguirem numa viagem de nove dias ao M\u00e9xico na \u00e9poca do Natal. A hist\u00f3ria foi relatada na \u00e9poca em v\u00e1rios meios, fez capa na revista <a href=\"https:\/\/people.com\/\" rel=\"nofollow noopener\" target=\"_blank\">People<\/a>, publica\u00e7\u00e3o que agora recupera a hist\u00f3ria.<\/p>\n<p>Uma vizinha das crian\u00e7as, Connie Stadelmann, contou que as meninas bateram \u00e0 sua porta dizendo que o alarme de inc\u00eandio estava a tocar. O epis\u00f3dio ocorreu a 21 de dezembro de 1992, dois anos ap\u00f3s a estreia do filme &#8220;Sozinho em Casa&#8221;. Mas, ao contr\u00e1rio da pel\u00edcula protagonizada por Macaulay Culkin, essa situa\u00e7\u00e3o nada tinha de c\u00f3mica, como recorda a revista norte-americana.<\/p>\n<p>Os pais das meninas, <strong>David Schoo<\/strong>, ent\u00e3o com 45 anos, engenheiro, e <strong>Sharon Schoo<\/strong>, 35, m\u00e3e a tempo inteiro, tinham deixado o lar um dia antes para uma viagem de f\u00e9rias ao M\u00e9xico, instruindo as filhas a fazerem tudo sozinhas. As crian\u00e7as n\u00e3o tinham ama e <strong>n\u00e3o tinham acesso a um telefone de emerg\u00eancia<\/strong>. <strong>Foram deixadas apenas com algumas refei\u00e7\u00f5es congeladas, cereais e um bilhete com instru\u00e7\u00f5es sobre hor\u00e1rios de alimenta\u00e7\u00e3o e de dormir.\u00a0<\/strong><\/p>\n<p>Segundo relatos, este n\u00e3o era o primeiro epis\u00f3dio de abandono: as meninas j\u00e1 tinham sido deixadas sozinhas durante quatro dias no ver\u00e3o anterior, enquanto os pais viajavam para Massachusetts.<\/p>\n<p>Ap\u00f3s chegarem \u00e0 casa da fam\u00edlia, os bombeiros e pol\u00edcia n\u00e3o encontraram nenhum sinal de inc\u00eandio. Ao perceberem a aus\u00eancia de adultos na casa, as autoridades iniciaram uma investiga\u00e7\u00e3o. As meninas foram levadas para a av\u00f3 materna e depois para um abrigo tempor\u00e1rio, enquanto os pais eram localizados. O casal s\u00f3 seria localizado a 28 de dezembro num controlo fronteiri\u00e7o no aeroporto de Houston, no regresso a casa.<\/p>\n<p>O casal foi acusado por dois <strong>crimes graves de abandono de menores e crueldade contra crian\u00e7as<\/strong>, al\u00e9m de uma acusa\u00e7\u00e3o de <strong>neglig\u00eancia infantil<\/strong>. O caso rapidamente ganhou repercuss\u00e3o nacional, mas um acordo evitou o julgamento.\u00a0Foram condenados a dois anos de liberdade condicional.<\/p>\n<p>Segundo a\u00a0<a href=\"https:\/\/people.com\/\" rel=\"nofollow noopener\" target=\"_blank\">People<\/a>, David Schoo tinha-se formado em Ci\u00eancias Farmac\u00eauticas pela Universidade de Illinois em 1970, mas entregou a licen\u00e7a oito anos depois, depois de admitir ter roubado cerca de 1.900 comprimidos de Valium de elevada dosagem de uma farm\u00e1cia. Depois disso, tornou-se engenheiro. Sharon, por sua vez, foi descrita pelo pai como sendo demasiado reservada.<\/p>\n<p>\u00a0<\/p>\n<p>\u00a0<\/p>\n","protected":false},"excerpt":{"rendered":"Um engenheiro de 45 anos e a mulher, de 35, deixaram as crian\u00e7as apenas com cereais, comida no&hellip;\n","protected":false},"author":2,"featured_media":160991,"comment_status":"","ping_status":"","sticky":false,"template":"","format":"standard","meta":{"footnotes":""},"categories":[50],"tags":[27,28,329,838,166,3412,3406,3409,801,3410,3411,3407,3408,15,16,14,25,26,21,22,3413,338,62,12,13,19,20,23,24,17,18,29,30,31,3097,63,64,65],"class_list":{"0":"post-160990","1":"post","2":"type-post","3":"status-publish","4":"format-standard","5":"has-post-thumbnail","7":"category-mundo","8":"tag-breaking-news","9":"tag-breakingnews","10":"tag-claudio-ramos","11":"tag-criancas","12":"tag-cristina-ferreira","13":"tag-dois-10","14":"tag-dois-a-s-10-dois-a-s-10","15":"tag-dois-a-s-dez","16":"tag-dois-as-10","17":"tag-dois-as-dez","18":"tag-dois-dez","19":"tag-doisas10","20":"tag-doisasdez","21":"tag-featured-news","22":"tag-featurednews","23":"tag-headlines","24":"tag-latest-news","25":"tag-latestnews","26":"tag-main-news","27":"tag-mainnews","28":"tag-manha-tvi","29":"tag-maria-botelho-moniz","30":"tag-mundo","31":"tag-news","32":"tag-noticias","33":"tag-noticias-principais","34":"tag-noticiasprincipais","35":"tag-principais-noticias","36":"tag-principaisnoticias","37":"tag-top-stories","38":"tag-topstories","39":"tag-ultimas","40":"tag-ultimas-noticias","41":"tag-ultimasnoticias","42":"tag-violencia","43":"tag-world","44":"tag-world-news","45":"tag-worldnews"},"share_on_mastodon":{"url":"","error":"Validation failed: Text character limit of 500 exceeded"},"_links":{"self":[{"href":"https:\/\/www.europesays.com\/pt\/wp-json\/wp\/v2\/posts\/160990","targetHints":{"allow":["GET"]}}],"collection":[{"href":"https:\/\/www.europesays.com\/pt\/wp-json\/wp\/v2\/posts"}],"about":[{"href":"https:\/\/www.europesays.com\/pt\/wp-json\/wp\/v2\/types\/post"}],"author":[{"embeddable":true,"href":"https:\/\/www.europesays.com\/pt\/wp-json\/wp\/v2\/users\/2"}],"replies":[{"embeddable":true,"href":"https:\/\/www.europesays.com\/pt\/wp-json\/wp\/v2\/comments?post=160990"}],"version-history":[{"count":0,"href":"https:\/\/www.europesays.com\/pt\/wp-json\/wp\/v2\/posts\/160990\/revisions"}],"wp:featuredmedia":[{"embeddable":true,"href":"https:\/\/www.europesays.com\/pt\/wp-json\/wp\/v2\/media\/160991"}],"wp:attachment":[{"href":"https:\/\/www.europesays.com\/pt\/wp-json\/wp\/v2\/media?parent=160990"}],"wp:term":[{"taxonomy":"category","embeddable":true,"href":"https:\/\/www.europesays.com\/pt\/wp-json\/wp\/v2\/categories?post=160990"},{"taxonomy":"post_tag","embeddable":true,"href":"https:\/\/www.europesays.com\/pt\/wp-json\/wp\/v2\/tags?post=160990"}],"curies":[{"name":"wp","href":"https:\/\/api.w.org\/{rel}","templated":true}]}}