{"id":160996,"date":"2025-11-22T10:54:44","date_gmt":"2025-11-22T10:54:44","guid":{"rendered":"https:\/\/www.europesays.com\/pt\/160996\/"},"modified":"2025-11-22T10:54:44","modified_gmt":"2025-11-22T10:54:44","slug":"vera-revela-o-que-mudaria-na-sua-prestacao-tinha-batido-mais-vezes","status":"publish","type":"post","link":"https:\/\/www.europesays.com\/pt\/160996\/","title":{"rendered":"Vera revela o que mudaria na sua presta\u00e7\u00e3o: &#8220;Tinha batido mais vezes&#8230;&#8221;"},"content":{"rendered":"<p>Vera esteve a responder a algumas perguntas dos f\u00e3s, esta sexta-feira, nas redes sociais.<\/p>\n<p>\u201c<strong>O que mudavas na tua passagem pela casa?<\/strong>\u201c, quis saber algu\u00e9m.<\/p>\n<p>A <a href=\"https:\/\/www.instagram.com\/veraclaudiaoficial\/\" target=\"_blank\" rel=\"noopener nofollow\">ex-concorrente<\/a>, expulsa por ter esbofeteado Dylan, deu a resposta.<\/p>\n<p>\u201c<strong>N\u00e3o tinha sido t\u00e3o acess\u00edvel par algumas pessoas; tinha batido mais vezes o salto para se ouvir melhor; tinha-me divertido mais; e tinha usado an\u00e9is (patroc\u00ednio, precisa-se)<\/strong>\u201c, escreveu.<\/p>\n<p><strong>Leia tamb\u00e9m: <a href=\"https:\/\/www.atelevisao.com\/tvi\/vera-faz-pouco-de-dylan-pintinho-piu-pintinho-piu-pintinho-piu\/\" target=\"_blank\" rel=\"noopener nofollow\">Vera faz pouco de Dylan: \u201cPintinho piu, pintinho piu, pintinho piu\u201d<\/a><br \/><\/strong><\/p>\n<p><script async src=\"\/\/www.instagram.com\/embed.js\"><\/script><\/p>\n","protected":false},"excerpt":{"rendered":"Vera esteve a responder a algumas perguntas dos f\u00e3s, esta sexta-feira, nas redes sociais. \u201cO que mudavas na&hellip;\n","protected":false},"author":2,"featured_media":160997,"comment_status":"","ping_status":"","sticky":false,"template":"","format":"standard","meta":{"footnotes":""},"categories":[142],"tags":[114,115,32,33,151],"class_list":{"0":"post-160996","1":"post","2":"type-post","3":"status-publish","4":"format-standard","5":"has-post-thumbnail","7":"category-tv","8":"tag-entertainment","9":"tag-entretenimento","10":"tag-portugal","11":"tag-pt","12":"tag-tv"},"share_on_mastodon":{"url":"https:\/\/pubeurope.com\/@pt\/115592984365740814","error":""},"_links":{"self":[{"href":"https:\/\/www.europesays.com\/pt\/wp-json\/wp\/v2\/posts\/160996","targetHints":{"allow":["GET"]}}],"collection":[{"href":"https:\/\/www.europesays.com\/pt\/wp-json\/wp\/v2\/posts"}],"about":[{"href":"https:\/\/www.europesays.com\/pt\/wp-json\/wp\/v2\/types\/post"}],"author":[{"embeddable":true,"href":"https:\/\/www.europesays.com\/pt\/wp-json\/wp\/v2\/users\/2"}],"replies":[{"embeddable":true,"href":"https:\/\/www.europesays.com\/pt\/wp-json\/wp\/v2\/comments?post=160996"}],"version-history":[{"count":0,"href":"https:\/\/www.europesays.com\/pt\/wp-json\/wp\/v2\/posts\/160996\/revisions"}],"wp:featuredmedia":[{"embeddable":true,"href":"https:\/\/www.europesays.com\/pt\/wp-json\/wp\/v2\/media\/160997"}],"wp:attachment":[{"href":"https:\/\/www.europesays.com\/pt\/wp-json\/wp\/v2\/media?parent=160996"}],"wp:term":[{"taxonomy":"category","embeddable":true,"href":"https:\/\/www.europesays.com\/pt\/wp-json\/wp\/v2\/categories?post=160996"},{"taxonomy":"post_tag","embeddable":true,"href":"https:\/\/www.europesays.com\/pt\/wp-json\/wp\/v2\/tags?post=160996"}],"curies":[{"name":"wp","href":"https:\/\/api.w.org\/{rel}","templated":true}]}}