{"id":160998,"date":"2025-11-22T10:55:16","date_gmt":"2025-11-22T10:55:16","guid":{"rendered":"https:\/\/www.europesays.com\/pt\/160998\/"},"modified":"2025-11-22T10:55:16","modified_gmt":"2025-11-22T10:55:16","slug":"tremembe-e-renovada-para-2a-temporada","status":"publish","type":"post","link":"https:\/\/www.europesays.com\/pt\/160998\/","title":{"rendered":"\u2018Trememb\u00e9\u2019 \u00e9 renovada para 2\u00aa temporada"},"content":{"rendered":"<p>A s\u00e9rie ganhar\u00e1 uma nova fase no Prime Video<\/p>\n<p>                    Divulga\u00e7\u00e3o\/Prime Video<\/p>\n<p>                                            <img decoding=\"async\" class=\"img-responsive type:primaryImage\" src=\"https:\/\/www.europesays.com\/pt\/wp-content\/uploads\/2025\/11\/image0-750x422.jpg\" alt=\"Tremembe\" id=\"zoom-img\"\/><br \/>\n                                        Na segunda temporada de Trememb\u00e9, Suzane von Richthofen segue como protagonista na ala feminina<\/p>\n<p>Ap\u00f3s o fen\u00f4meno e sucesso da primeira temporada, o <a href=\"http:\/\/jovempan.com.br\/tag\/prime-video\" rel=\"nofollow noopener\" target=\"_blank\"><strong>Prime Video<\/strong><\/a> anunciou a renova\u00e7\u00e3o de <a href=\"http:\/\/jovempan.com.br\/tag\/tremembe\" rel=\"nofollow noopener\" target=\"_blank\"><strong>\u201cTrememb\u00e9\u201d<\/strong><\/a>. A produ\u00e7\u00e3o do true crime brasileiro gerou um engajamento exponencial dentro das redes sociais da plataforma, al\u00e9m de gerar discuss\u00f5es e refletir tudo isso em n\u00fameros de audi\u00eancia. \u201cO engajamento excepcional da audi\u00eancia nas hist\u00f3rias e personagens retratados em \u201cTrememb\u00e9\u201d, \u00e9 resultado da uni\u00e3o de um elenco de extrema qualidade com um primor t\u00e9cnico de roteiro e produ\u00e7\u00e3o. Constru\u00edmos um universo de true crime diverso no Prime Video que nos deixa ainda mais empolgados para a pr\u00f3xima temporada\u201d, diz Julia Prioli, Head of Scripted Originals for Brazil, Amazon MGM Studios.<\/p>\n<p>                    <img decoding=\"async\" id=\"cta-image\" editable=\"true\" name=\"Imagem:\" src=\"https:\/\/www.europesays.com\/pt\/wp-content\/uploads\/2025\/08\/1754802982_266_640_JPEntretenimento.jpg\" alt=\"cta_logo_jp\"\/><\/p>\n<p>\n                    Siga o canal da Jovem Pan Entretenimento e receba as principais not\u00edcias no seu WhatsApp!\n                <\/p>\n<p>Na segunda temporada de Trememb\u00e9, Suzane von Richthofen segue como protagonista na ala feminina e enfrenta sua maior prova de fogo: descobrir se ser\u00e1 aceita pela sociedade na vida fora da pris\u00e3o. Elize Matsunaga tamb\u00e9m busca recome\u00e7ar no regime aberto, enquanto se arrisca em uma nova profiss\u00e3o. Na ala masculina, Thiago Brennand e Robinho, milion\u00e1rios condenados por crimes sexuais, chegam a Trememb\u00e9 e instauram um contraste de poder e privil\u00e9gio entre os presos. Ainda n\u00e3o h\u00e1 data de estreia confirmada, mas a not\u00edcia da renova\u00e7\u00e3o j\u00e1 gerou grande repercuss\u00e3o nas redes sociais.<\/p>\n","protected":false},"excerpt":{"rendered":"A s\u00e9rie ganhar\u00e1 uma nova fase no Prime Video Divulga\u00e7\u00e3o\/Prime Video Na segunda temporada de Trememb\u00e9, Suzane von&hellip;\n","protected":false},"author":2,"featured_media":160999,"comment_status":"","ping_status":"","sticky":false,"template":"","format":"standard","meta":{"footnotes":""},"categories":[141],"tags":[114,115,149,150,32,33],"class_list":{"0":"post-160998","1":"post","2":"type-post","3":"status-publish","4":"format-standard","5":"has-post-thumbnail","7":"category-musica","8":"tag-entertainment","9":"tag-entretenimento","10":"tag-music","11":"tag-musica","12":"tag-portugal","13":"tag-pt"},"share_on_mastodon":{"url":"https:\/\/pubeurope.com\/@pt\/115592989021038195","error":""},"_links":{"self":[{"href":"https:\/\/www.europesays.com\/pt\/wp-json\/wp\/v2\/posts\/160998","targetHints":{"allow":["GET"]}}],"collection":[{"href":"https:\/\/www.europesays.com\/pt\/wp-json\/wp\/v2\/posts"}],"about":[{"href":"https:\/\/www.europesays.com\/pt\/wp-json\/wp\/v2\/types\/post"}],"author":[{"embeddable":true,"href":"https:\/\/www.europesays.com\/pt\/wp-json\/wp\/v2\/users\/2"}],"replies":[{"embeddable":true,"href":"https:\/\/www.europesays.com\/pt\/wp-json\/wp\/v2\/comments?post=160998"}],"version-history":[{"count":0,"href":"https:\/\/www.europesays.com\/pt\/wp-json\/wp\/v2\/posts\/160998\/revisions"}],"wp:featuredmedia":[{"embeddable":true,"href":"https:\/\/www.europesays.com\/pt\/wp-json\/wp\/v2\/media\/160999"}],"wp:attachment":[{"href":"https:\/\/www.europesays.com\/pt\/wp-json\/wp\/v2\/media?parent=160998"}],"wp:term":[{"taxonomy":"category","embeddable":true,"href":"https:\/\/www.europesays.com\/pt\/wp-json\/wp\/v2\/categories?post=160998"},{"taxonomy":"post_tag","embeddable":true,"href":"https:\/\/www.europesays.com\/pt\/wp-json\/wp\/v2\/tags?post=160998"}],"curies":[{"name":"wp","href":"https:\/\/api.w.org\/{rel}","templated":true}]}}