{"id":161000,"date":"2025-11-22T10:56:13","date_gmt":"2025-11-22T10:56:13","guid":{"rendered":"https:\/\/www.europesays.com\/pt\/161000\/"},"modified":"2025-11-22T10:56:13","modified_gmt":"2025-11-22T10:56:13","slug":"the-backrooms-novo-terror-sci-fi-da-a24-ganha-data-de-estreia-no-brasil","status":"publish","type":"post","link":"https:\/\/www.europesays.com\/pt\/161000\/","title":{"rendered":"&#8216;The Backrooms&#8217;: Novo TERROR sci-fi da A24 ganha data de estreia no Brasil"},"content":{"rendered":"<p>A <strong><a href=\"https:\/\/cinepop.com.br\/tag\/imagem-filmes\/\" title=\"Imagem Filmes\" rel=\"nofollow noopener\" target=\"_blank\">Imagem Filmes<\/a><\/strong> divulgou finalmente quando o terror sci-fi \u2018<strong><a href=\"https:\/\/cinepop.com.br\/tag\/the-backrooms\/\" title=\"The Backrooms\" rel=\"nofollow noopener\" target=\"_blank\">The Backrooms<\/a><\/strong>\u2018 ser\u00e1 lan\u00e7ado no Brasil.<\/p>\n<p>Produzido pela aclamada <strong><a href=\"https:\/\/cinepop.com.br\/tag\/a24\/\" title=\"A24\" rel=\"nofollow noopener\" target=\"_blank\">A24<\/a><\/strong>, o longa chegar\u00e1 aos cinemas nacionais no <strong>dia 3 de setembro de 2026<\/strong>.<\/p>\n<p>A produ\u00e7\u00e3o \u00e9 baseada no curta original de <strong>Kane Parsons<\/strong>, que gira em torno de um jovem cineasta que vai parar em outra dimens\u00e3o. Ele vaga por um escrit\u00f3rio inquietantemente amarelo, vazio e labir\u00edntico, que pode ou n\u00e3o abrigar seres sobrenaturais. O t\u00edtulo e o cen\u00e1rio do filme s\u00e3o inspirados nas imagens de uma creepypasta (ou lenda urbana da internet) publicadas no site 4chan em 2019.<\/p>\n<p>O curta \u00e9 o primeiro de uma s\u00e9rie que j\u00e1 acumulou mais de 190 milh\u00f5es de visualiza\u00e7\u00f5es online at\u00e9 o momento.<\/p>\n<blockquote class=\"twitter-tweet\">\n<p dir=\"ltr\" lang=\"und\">2026 <a href=\"https:\/\/t.co\/GmMyk2uHqA\" rel=\"nofollow\">pic.twitter.com\/GmMyk2uHqA<\/a><\/p>\n<p>\u2014 <a href=\"https:\/\/cinepop.com.br\/tag\/a24\/\" title=\"A24\" rel=\"nofollow noopener\" target=\"_blank\">A24<\/a> (@<a href=\"https:\/\/cinepop.com.br\/tag\/a24\/\" title=\"A24\" rel=\"nofollow noopener\" target=\"_blank\">A24<\/a>) <a href=\"https:\/\/twitter.com\/A24\/status\/1957481270922838421?ref_src=twsrc%5Etfw\" rel=\"nofollow noopener\" target=\"_blank\">August 18, 2025<\/a><\/p>\n<\/blockquote>\n<p>O elenco conta com <strong><a href=\"https:\/\/cinepop.com.br\/tag\/chiwetel-ejiofor\/\" title=\"Chiwetel Ejiofor\" rel=\"nofollow noopener\" target=\"_blank\">Chiwetel Ejiofor<\/a> <\/strong>(\u2018The Old Guard\u2019), <strong><a href=\"https:\/\/cinepop.com.br\/tag\/renate-reinsve\/\" title=\"Renate Reinsve\" rel=\"nofollow noopener\" target=\"_blank\">Renate Reinsve<\/a><\/strong> (\u2018A Pior Pessoa do Mundo\u2019) <strong><a href=\"https:\/\/cinepop.com.br\/tag\/mark-duplass\/\" title=\"Mark Duplass\" rel=\"nofollow noopener\" target=\"_blank\">Mark Duplass<\/a><\/strong> (\u2018The Morning Show\u2019), <strong><a href=\"https:\/\/cinepop.com.br\/tag\/finn-bennett\/\" title=\"Finn Bennett\" rel=\"nofollow noopener\" target=\"_blank\">Finn Bennett<\/a><\/strong> (\u2018True Detective\u2019), <strong><a href=\"https:\/\/cinepop.com.br\/tag\/lukita-maxwell\/\" title=\"Lukita Maxwell\" rel=\"nofollow noopener\" target=\"_blank\">Lukita Maxwell<\/a><\/strong> (\u2018Shrinking\u2019) e <strong><a href=\"https:\/\/cinepop.com.br\/tag\/avan-jogia\/\" title=\"Avan Jogia\" rel=\"nofollow noopener\" target=\"_blank\">Avan Jogia<\/a><\/strong> (\u2018Resident Evil: Bem-Vindo a Raccoon City\u2019).<\/p>\n<p>Com apenas 20 anos, <strong>Kane Parsons<\/strong> faz sua estreia como diretor de longa-metragem, tornando-se o cineasta mais jovem a colaborar com a <strong><a href=\"https:\/\/cinepop.com.br\/tag\/a24\/\" title=\"A24\" rel=\"nofollow noopener\" target=\"_blank\">A24<\/a><\/strong>. Os detalhes do enredo est\u00e3o sendo mantidos em sigilo absoluto, o que refor\u00e7a o mist\u00e9rio que cerca o projeto desde o an\u00fancio de sua adapta\u00e7\u00e3o para os cinemas.<\/p>\n<p>A adapta\u00e7\u00e3o ser\u00e1 coproduzida por\u00a0<strong><a href=\"https:\/\/cinepop.com.br\/tag\/james-wan\/\" title=\"James Wan\" rel=\"nofollow noopener\" target=\"_blank\">James Wan<\/a><\/strong>, atrav\u00e9s da <strong><a href=\"https:\/\/cinepop.com.br\/tag\/atomic-monster\/\" title=\"Atomic Monster\" rel=\"nofollow noopener\" target=\"_blank\">Atomic Monster<\/a><\/strong>.<\/p>\n<p><strong>Parsons<\/strong> assume a dire\u00e7\u00e3o do longa, a partir de um roteiro assinado por <strong><a href=\"https:\/\/cinepop.com.br\/tag\/roberto-patino\/\" title=\"Roberto Patino\" rel=\"nofollow noopener\" target=\"_blank\">Roberto Patino<\/a><\/strong> (\u2018Westworld\u2019).<\/p>\n<p><strong>Shawn Levy<\/strong>, <strong>Dan Cohen<\/strong> e <strong>Dan Levine<\/strong> tamb\u00e9m servir\u00e3o como produtores executivos ao lado da <strong>21 Laps Entertainment<\/strong>.<\/p>\n<p><script async src=\"https:\/\/platform.twitter.com\/widgets.js\" charset=\"utf-8\"><\/script><\/p>\n","protected":false},"excerpt":{"rendered":"A Imagem Filmes divulgou finalmente quando o terror sci-fi \u2018The Backrooms\u2018 ser\u00e1 lan\u00e7ado no Brasil. Produzido pela aclamada&hellip;\n","protected":false},"author":2,"featured_media":161001,"comment_status":"","ping_status":"","sticky":false,"template":"","format":"standard","meta":{"footnotes":""},"categories":[140],"tags":[18511,34202,15937,32382,14891,114,115,3639,147,148,34203,14956,15940,34204,34205,146,32,33,21370,34206,34207],"class_list":{"0":"post-161000","1":"post","2":"type-post","3":"status-publish","4":"format-standard","5":"has-post-thumbnail","7":"category-filmes","8":"tag-a24","9":"tag-atomic-monster","10":"tag-avan-jogia","11":"tag-chiwetel-ejiofor","12":"tag-cristin-milioti","13":"tag-entertainment","14":"tag-entretenimento","15":"tag-featured","16":"tag-film","17":"tag-filmes","18":"tag-finn-bennett","19":"tag-imagem-filmes","20":"tag-james-wan","21":"tag-lukita-maxwell","22":"tag-mark-duplass","23":"tag-movies","24":"tag-portugal","25":"tag-pt","26":"tag-renate-reinsve","27":"tag-roberto-patino","28":"tag-the-backrooms"},"share_on_mastodon":{"url":"https:\/\/pubeurope.com\/@pt\/115592992096362695","error":""},"_links":{"self":[{"href":"https:\/\/www.europesays.com\/pt\/wp-json\/wp\/v2\/posts\/161000","targetHints":{"allow":["GET"]}}],"collection":[{"href":"https:\/\/www.europesays.com\/pt\/wp-json\/wp\/v2\/posts"}],"about":[{"href":"https:\/\/www.europesays.com\/pt\/wp-json\/wp\/v2\/types\/post"}],"author":[{"embeddable":true,"href":"https:\/\/www.europesays.com\/pt\/wp-json\/wp\/v2\/users\/2"}],"replies":[{"embeddable":true,"href":"https:\/\/www.europesays.com\/pt\/wp-json\/wp\/v2\/comments?post=161000"}],"version-history":[{"count":0,"href":"https:\/\/www.europesays.com\/pt\/wp-json\/wp\/v2\/posts\/161000\/revisions"}],"wp:featuredmedia":[{"embeddable":true,"href":"https:\/\/www.europesays.com\/pt\/wp-json\/wp\/v2\/media\/161001"}],"wp:attachment":[{"href":"https:\/\/www.europesays.com\/pt\/wp-json\/wp\/v2\/media?parent=161000"}],"wp:term":[{"taxonomy":"category","embeddable":true,"href":"https:\/\/www.europesays.com\/pt\/wp-json\/wp\/v2\/categories?post=161000"},{"taxonomy":"post_tag","embeddable":true,"href":"https:\/\/www.europesays.com\/pt\/wp-json\/wp\/v2\/tags?post=161000"}],"curies":[{"name":"wp","href":"https:\/\/api.w.org\/{rel}","templated":true}]}}