{"id":161006,"date":"2025-11-22T11:03:07","date_gmt":"2025-11-22T11:03:07","guid":{"rendered":"https:\/\/www.europesays.com\/pt\/161006\/"},"modified":"2025-11-22T11:03:07","modified_gmt":"2025-11-22T11:03:07","slug":"detido-por-esquema-de-burla-ola-mae-ola-pai-e-branqueamento-de-capitais-em-braga","status":"publish","type":"post","link":"https:\/\/www.europesays.com\/pt\/161006\/","title":{"rendered":"Detido por esquema de burla \u201cOl\u00e1 M\u00e3e, Ol\u00e1 Pai\u201d e branqueamento de capitais em Braga"},"content":{"rendered":"<p><b>Acompanhe toda a atualidade informativa em\u00a0<\/b><a href=\"http:\/\/24noticias.sapo.pt\" rel=\"nofollow noopener\" target=\"_blank\"><b>24noticias.sapo.pt<\/b><\/a><\/p>\n<p>Em comunicado, a Guarda Nacional Republicana (GNR) explicou que &#8220;foram realizadas duas buscas domicili\u00e1rias, nos concelhos de Gondomar e Braga, que permitiram apreender dois equipamentos com 128 slots destinados a comunica\u00e7\u00f5es em massa&#8221;.<\/p>\n<p>Estes eram utilizados no esquema de burla conhecido como \u201cOl\u00e1 M\u00e3e, Ol\u00e1 Pai\u201d, bem como noutros crimes praticados atrav\u00e9s da plataforma Telegram. &#8220;Os equipamentos encontravam-se em pleno funcionamento aquando da interven\u00e7\u00e3o policial&#8221;, explica a GNR.<\/p>\n<p>O detido foi presente no Tribunal Judicial de Portim\u00e3o, tendo-lhe sido aplicada a medida de coa\u00e7\u00e3o de apresenta\u00e7\u00f5es peri\u00f3dicas semanais no posto policial da \u00e1rea de resid\u00eancia. A opera\u00e7\u00e3o contou com o refor\u00e7o das estruturas de Investiga\u00e7\u00e3o Criminal dos Comandos Territoriais de Faro, Porto e de Braga, acrescenta o comunicado.<\/p>\n<p>__<\/p>\n<p><b>A sua newsletter de sempre, agora ainda mais \u00fatil<\/b><\/p>\n<p>Com o lan\u00e7amento da nova marca de informa\u00e7\u00e3o\u00a0<b>24not\u00edcias<\/b>, estamos a mudar a plataforma de newsletters, aproveitando para refor\u00e7ar a informa\u00e7\u00e3o que os leitores mais valorizam:\u00a0<b>a que lhes \u00e9 \u00fatil, ajuda a tomar decis\u00f5es e a entender o mundo.<\/b><\/p>\n<p><b>Assine a nova newsletter do 24not\u00edcias\u00a0<\/b><a href=\"https:\/\/sapo.us1.list-manage.com\/subscribe?u=8f49263740b14ab5854be8045&amp;id=57a39c5e8f\" rel=\"nofollow noopener\" target=\"_blank\"><b>aqui<\/b><\/a><b>.<\/b><\/p>\n","protected":false},"excerpt":{"rendered":"Acompanhe toda a atualidade informativa em\u00a024noticias.sapo.pt Em comunicado, a Guarda Nacional Republicana (GNR) explicou que &#8220;foram realizadas duas&hellip;\n","protected":false},"author":2,"featured_media":161007,"comment_status":"","ping_status":"","sticky":false,"template":"","format":"standard","meta":{"footnotes":""},"categories":[10],"tags":[27,28,15,16,14,25,26,21,22,12,13,19,20,32,23,24,33,17,18,29,30,31],"class_list":{"0":"post-161006","1":"post","2":"type-post","3":"status-publish","4":"format-standard","5":"has-post-thumbnail","7":"category-portugal","8":"tag-breaking-news","9":"tag-breakingnews","10":"tag-featured-news","11":"tag-featurednews","12":"tag-headlines","13":"tag-latest-news","14":"tag-latestnews","15":"tag-main-news","16":"tag-mainnews","17":"tag-news","18":"tag-noticias","19":"tag-noticias-principais","20":"tag-noticiasprincipais","21":"tag-portugal","22":"tag-principais-noticias","23":"tag-principaisnoticias","24":"tag-pt","25":"tag-top-stories","26":"tag-topstories","27":"tag-ultimas","28":"tag-ultimas-noticias","29":"tag-ultimasnoticias"},"share_on_mastodon":{"url":"https:\/\/pubeurope.com\/@pt\/115593019604283796","error":""},"_links":{"self":[{"href":"https:\/\/www.europesays.com\/pt\/wp-json\/wp\/v2\/posts\/161006","targetHints":{"allow":["GET"]}}],"collection":[{"href":"https:\/\/www.europesays.com\/pt\/wp-json\/wp\/v2\/posts"}],"about":[{"href":"https:\/\/www.europesays.com\/pt\/wp-json\/wp\/v2\/types\/post"}],"author":[{"embeddable":true,"href":"https:\/\/www.europesays.com\/pt\/wp-json\/wp\/v2\/users\/2"}],"replies":[{"embeddable":true,"href":"https:\/\/www.europesays.com\/pt\/wp-json\/wp\/v2\/comments?post=161006"}],"version-history":[{"count":0,"href":"https:\/\/www.europesays.com\/pt\/wp-json\/wp\/v2\/posts\/161006\/revisions"}],"wp:featuredmedia":[{"embeddable":true,"href":"https:\/\/www.europesays.com\/pt\/wp-json\/wp\/v2\/media\/161007"}],"wp:attachment":[{"href":"https:\/\/www.europesays.com\/pt\/wp-json\/wp\/v2\/media?parent=161006"}],"wp:term":[{"taxonomy":"category","embeddable":true,"href":"https:\/\/www.europesays.com\/pt\/wp-json\/wp\/v2\/categories?post=161006"},{"taxonomy":"post_tag","embeddable":true,"href":"https:\/\/www.europesays.com\/pt\/wp-json\/wp\/v2\/tags?post=161006"}],"curies":[{"name":"wp","href":"https:\/\/api.w.org\/{rel}","templated":true}]}}