{"id":161036,"date":"2025-11-22T11:38:07","date_gmt":"2025-11-22T11:38:07","guid":{"rendered":"https:\/\/www.europesays.com\/pt\/161036\/"},"modified":"2025-11-22T11:38:07","modified_gmt":"2025-11-22T11:38:07","slug":"lider-dos-diabos-vermelhos-encontrado-morto-no-estadio","status":"publish","type":"post","link":"https:\/\/www.europesays.com\/pt\/161036\/","title":{"rendered":"L\u00edder dos Diabos Vermelhos encontrado morto no est\u00e1dio"},"content":{"rendered":"<p>O l\u00edder dos Diabos Vermelhos, S\u00e9rgio Caetano, foi encontrado morto na noite de sexta-feira junto ao est\u00e1dio da Luz, em Lisboa. Segundo avan\u00e7ou o Correio da Manh\u00e3, foi encontrado no interior de uma viatura com um tiro na cabe\u00e7a.<\/p>\n<p>De acordo com o mesmo jornal, a arma estava dentro do carro. S\u00e9rgio Caetano estava desaparecido desde a manh\u00e3, quando foi deixar o filho \u00e0 escola.<\/p>\n<p>Ainda segundo o CM haver\u00e1 um outro membro da claque desaparecido.<\/p>\n<p>O Benfica lamentou a morte de S\u00e9rgio Caetano, que considerou &#8220;figura incontorn\u00e1vel do universo benfiquista&#8221;. &#8220;A sua dedica\u00e7\u00e3o inabal\u00e1vel ao Clube fica como uma marca indel\u00e9vel na hist\u00f3ria do apoio ao Benfica, nos mais diferentes est\u00e1dios e pavilh\u00f5es, em Portugal e al\u00e9m-fronteiras&#8221;, diz uma nota do clube.<\/p>\n<p>A Pol\u00edcia Judici\u00e1ria tomou conta da ocorr\u00eancia.<\/p>\n","protected":false},"excerpt":{"rendered":"O l\u00edder dos Diabos Vermelhos, S\u00e9rgio Caetano, foi encontrado morto na noite de sexta-feira junto ao est\u00e1dio da&hellip;\n","protected":false},"author":2,"featured_media":161037,"comment_status":"","ping_status":"","sticky":false,"template":"","format":"standard","meta":{"footnotes":""},"categories":[8],"tags":[51,27,28,34209,34210,15,16,14,25,26,21,22,12,13,19,20,32,23,24,33,17,18,29,30,31],"class_list":{"0":"post-161036","1":"post","2":"type-post","3":"status-publish","4":"format-standard","5":"has-post-thumbnail","7":"category-principais-noticias","8":"tag-benfica","9":"tag-breaking-news","10":"tag-breakingnews","11":"tag-claques","12":"tag-diabos-vermelhos","13":"tag-featured-news","14":"tag-featurednews","15":"tag-headlines","16":"tag-latest-news","17":"tag-latestnews","18":"tag-main-news","19":"tag-mainnews","20":"tag-news","21":"tag-noticias","22":"tag-noticias-principais","23":"tag-noticiasprincipais","24":"tag-portugal","25":"tag-principais-noticias","26":"tag-principaisnoticias","27":"tag-pt","28":"tag-top-stories","29":"tag-topstories","30":"tag-ultimas","31":"tag-ultimas-noticias","32":"tag-ultimasnoticias"},"share_on_mastodon":{"url":"https:\/\/pubeurope.com\/@pt\/115593157341771378","error":""},"_links":{"self":[{"href":"https:\/\/www.europesays.com\/pt\/wp-json\/wp\/v2\/posts\/161036","targetHints":{"allow":["GET"]}}],"collection":[{"href":"https:\/\/www.europesays.com\/pt\/wp-json\/wp\/v2\/posts"}],"about":[{"href":"https:\/\/www.europesays.com\/pt\/wp-json\/wp\/v2\/types\/post"}],"author":[{"embeddable":true,"href":"https:\/\/www.europesays.com\/pt\/wp-json\/wp\/v2\/users\/2"}],"replies":[{"embeddable":true,"href":"https:\/\/www.europesays.com\/pt\/wp-json\/wp\/v2\/comments?post=161036"}],"version-history":[{"count":0,"href":"https:\/\/www.europesays.com\/pt\/wp-json\/wp\/v2\/posts\/161036\/revisions"}],"wp:featuredmedia":[{"embeddable":true,"href":"https:\/\/www.europesays.com\/pt\/wp-json\/wp\/v2\/media\/161037"}],"wp:attachment":[{"href":"https:\/\/www.europesays.com\/pt\/wp-json\/wp\/v2\/media?parent=161036"}],"wp:term":[{"taxonomy":"category","embeddable":true,"href":"https:\/\/www.europesays.com\/pt\/wp-json\/wp\/v2\/categories?post=161036"},{"taxonomy":"post_tag","embeddable":true,"href":"https:\/\/www.europesays.com\/pt\/wp-json\/wp\/v2\/tags?post=161036"}],"curies":[{"name":"wp","href":"https:\/\/api.w.org\/{rel}","templated":true}]}}