{"id":161038,"date":"2025-11-22T11:39:09","date_gmt":"2025-11-22T11:39:09","guid":{"rendered":"https:\/\/www.europesays.com\/pt\/161038\/"},"modified":"2025-11-22T11:39:09","modified_gmt":"2025-11-22T11:39:09","slug":"quem-e-a-filha-que-move-processo-milionario-contra-renato-aragao-midianews","status":"publish","type":"post","link":"https:\/\/www.europesays.com\/pt\/161038\/","title":{"rendered":"Quem \u00e9 a filha que move processo milion\u00e1rio contra Renato Arag\u00e3o &#8211; MidiaNews"},"content":{"rendered":"<ol>\n<li><a href=\"https:\/\/news.google.com\/rss\/articles\/CBMisAFBVV95cUxOTlQ3UWZwTlZiR08zX0c5TUZqUXg5S3EwWkpKNDBvVDEza2FHdmlNQnJQeVFhamJ1ZWNSdTV5dHNmQW92UTc3NjAzV1ZXSEN2MVZ5SlctTFNCdVJfNzdUanVheW1ZdDE1am9vSm9FWXZLRURMbVFuQzdrdHhxb2Vlak5GZDl6RmFpWGdtVDltUDU0bHBzUmFRUE90Y0VBdHlydkZ0VUJ3YkMxc1pHSEhlWA?oc=5\" target=\"_blank\" rel=\"nofollow noopener\">Quem \u00e9 a filha que move processo milion\u00e1rio contra Renato Arag\u00e3o<\/a>&nbsp;&nbsp;MidiaNews<\/li>\n<li><a href=\"https:\/\/news.google.com\/rss\/articles\/CBMi9gFBVV95cUxNbTJjN3pNYVRSTm51TGxQOU1uMkJOYzBpTmFyNnZGVTdXMmxPX01jbU5MblM4MFhwSzR2WWdMS1dsUjJJdlJ0NUJfSEd0MFBCZmgyQWVaN1ljNk9nbllObExwV2RqcUpRRldkUF8wVzhNX1kxeS1OdC1pVHVBWEFsX3VrMkF1VEZ6NE9EaFV2SVppRy04WkVPVDhySnhxU2t3Uzc1bkJjeWpMY1FJRUYtWVMxeEpsRTg1YnVTWnM2VWk3bzB5Q2FMN2hDRm8zR0tlOEJRNzlKUTIwWFNaYjd6OHZBNHg2S0RaWXREbHA3MnlKWTJYcFHSAYQCQVVfeXFMTW1ReXk1YnoyZnA0ZFVSVVB5LUFSYm1ES0lYR0E4R2RhYjFoT3lOeG5wUzZYT0pIb1A4eXpFLWIwYlFxQi10R2NsX1hZUVZ1ZDNRRU8yYXBLZVVQQjAxVEExNGVjQXBxQkVoaW04M2NWVnViUHltSmFTOGZUM3QwNzJvTDBibzRZVTZfb25mTEFINERWSmViTG1mdFpmdmNkWmVVQUhXWUlrMk9BbHQyeVY3akZWR0JoeFY5ZHFVN0otcXM3Tm9seE1GUWt1TEhuYk91NG5IazN0ZGxNMDByZkY2WVh2WG1xaGIwQzhqRV9sSmFHRVZnOVJEOUlJSWdvWG9fWHQ?oc=5\" target=\"_blank\" rel=\"nofollow noopener\">Renato Arag\u00e3o se pronuncia ap\u00f3s a\u00e7\u00e3o de cobran\u00e7a da filha e defende administra\u00e7\u00e3o de heran\u00e7a; entenda pol\u00eamica<\/a>&nbsp;&nbsp;O Globo<\/li>\n<li><a href=\"https:\/\/news.google.com\/rss\/articles\/CBMi6AFBVV95cUxQc2xBUVRPQkJmMk15SmZpVDR0MXpqNXlmLVpJVzVMZ2tESUFsYURaNm5GRUtRRUdBbUdONnQ5amVJSjc2cUFJVnRvUU10SF9YUjZwVUtKamZ1V28tODg2NUZCSjdadHBhN21kd3ZXYk5rNnVUQWpJTlFYc3BqYUZ6bmVMQkFvclplQW5CRUZhSmtFdzZyZmlySUxFSkNtQW02bnZJUklxX3l4MEROb0g1bmM1a0kxMVkzMTNPWnZLMkstTUZuWE5aQmpHaVpLWFlCT1UxRjdrUVVhdGV6WHNEMUN4N1QtUVdi0gHoAUFVX3lxTFBLLVFVendPRXpYMGx2U1R6OWFXOVdJdE1ZSmo4Nm1OMXBYYzh6SWp6OVFXRVBSR3pybkNKRVQyVXlWYnRLLUlhMmwxNnpoWTM0NjM1dU1PcFFTei1vSUg1aGY4RHVSRFBaeGdyeE56ZklXbjBuT3NpbU9jaHFSMmxSaENoTVdwU0RWVUpkNmtVbWhQVW8ySWlLRmJJN0FvUDg1eXgzMkg3eGtJV0VjWnB6Y0g0emIyM3ZlaG5WTHhkRHBvUUtfT1I0WW9IVHhjUVZxSklrS0Y3dUNXYlRRdDQ2cndyVVlRYjg?oc=5\" target=\"_blank\" rel=\"nofollow noopener\">Renato Arag\u00e3o se manifesta ap\u00f3s filha abrir processo: &#8216;Nunca precisou&#8217;<\/a>&nbsp;&nbsp;Portal Uai<\/li>\n<li><a href=\"https:\/\/news.google.com\/rss\/articles\/CBMizwFBVV95cUxOU05BaXNQaWJqT0o3RzNzdFBienE5MWQ1Y3F0NDV3Vl83amUwMXhjUHVwbUhwaXkteWlVTG9QNFNXV0RhOUxZSjhocnhUWDE2Wi1Zd05IaG5idklXZWhJWDhtNWdjcDBXZ0I2UUo2UXNFLTNndlBpamdyZFJ1YXdjWlc4bWM2cmxnRGhMdk9DNm1OTm5fbUhaNndwdWhHdGRoSDlkRWRqdXlMYTFDaFo5eHJkQXR6SWU3bW9yUW1nXzZubGFwZXFRZkYtUXFkLUXSAd4BQVVfeXFMT2hsM2R3YTBHaFhGZXFTUVdJZ3pwQlA5OG1oazUwUHZrUjNSTng3WnY2anA4OWliNUlLMWgzbFZWRVlpWlM3WWg4cVQ2a3hadFdweXB4ajRYZ0hzaTBjSDh6X0R1clhGMmJUMzUwSmoxXzk2Ym9sektNbVNFZ1lsQnpaYlNzbkhveEVFSDZEY0R1YjZRSXNWZkZKZ3pBNnpZQUR3WUdGQXZ4eDg1UTRTZ2VJM0Z1TXlLNUIzWUFrdGdjcWtvYWZfVHl6Y3l6VThBRVR6RHhmQlp2YzBZRTVR?oc=5\" target=\"_blank\" rel=\"nofollow noopener\">Filha acusa Renato Arag\u00e3o de calote e cobra d\u00edvida de R$ 872 mil na Justi\u00e7a<\/a>&nbsp;&nbsp;Not\u00edcias da TV<\/li>\n<li><a href=\"https:\/\/news.google.com\/rss\/articles\/CBMitAFBVV95cUxNYmRtUlJNQmJKMVk5QWhXU213OHdkc2xOUHM3bEdYZFFLR3dqZjJxWGRIdDJIeWlMUUd4Wlg2bnNnLW41dGhhaklCMzdWRTh4R3ROZWtzMUlmcDBFaDJXWVdBRnQtV2FRSU9VUUdPcFJFNlI3UHE4NzFBRF9VYUFtRF9vVmF1aFplX3hlSmpteEJ6c0l2eG0tanA3bTZPYWNfVVl4RGZuNHpDaUphanNNci1sRVY?oc=5\" target=\"_blank\" rel=\"nofollow noopener\">Renato Arag\u00e3o fala ap\u00f3s ser processado pela filha: &#8220;Nunca precisou&#8221;<\/a>&nbsp;&nbsp;Metr\u00f3poles<\/li>\n<\/ol>\n","protected":false},"excerpt":{"rendered":"Quem \u00e9 a filha que move processo milion\u00e1rio contra Renato Arag\u00e3o&nbsp;&nbsp;MidiaNews Renato Arag\u00e3o se pronuncia ap\u00f3s a\u00e7\u00e3o de&hellip;\n","protected":false},"author":2,"featured_media":161039,"comment_status":"","ping_status":"","sticky":false,"template":"","format":"standard","meta":{"footnotes":""},"categories":[145],"tags":[211,210,114,115,3724,3723,32,33,3725],"class_list":{"0":"post-161038","1":"post","2":"type-post","3":"status-publish","4":"format-standard","5":"has-post-thumbnail","7":"category-celebridades","8":"tag-celebridades","9":"tag-celebrities","10":"tag-entertainment","11":"tag-entretenimento","12":"tag-noticias-da-capital","13":"tag-noticias-de-cuiaba","14":"tag-portugal","15":"tag-pt","16":"tag-urgente-cuiaba"},"share_on_mastodon":{"url":"https:\/\/pubeurope.com\/@pt\/115593161125851608","error":""},"_links":{"self":[{"href":"https:\/\/www.europesays.com\/pt\/wp-json\/wp\/v2\/posts\/161038","targetHints":{"allow":["GET"]}}],"collection":[{"href":"https:\/\/www.europesays.com\/pt\/wp-json\/wp\/v2\/posts"}],"about":[{"href":"https:\/\/www.europesays.com\/pt\/wp-json\/wp\/v2\/types\/post"}],"author":[{"embeddable":true,"href":"https:\/\/www.europesays.com\/pt\/wp-json\/wp\/v2\/users\/2"}],"replies":[{"embeddable":true,"href":"https:\/\/www.europesays.com\/pt\/wp-json\/wp\/v2\/comments?post=161038"}],"version-history":[{"count":0,"href":"https:\/\/www.europesays.com\/pt\/wp-json\/wp\/v2\/posts\/161038\/revisions"}],"wp:featuredmedia":[{"embeddable":true,"href":"https:\/\/www.europesays.com\/pt\/wp-json\/wp\/v2\/media\/161039"}],"wp:attachment":[{"href":"https:\/\/www.europesays.com\/pt\/wp-json\/wp\/v2\/media?parent=161038"}],"wp:term":[{"taxonomy":"category","embeddable":true,"href":"https:\/\/www.europesays.com\/pt\/wp-json\/wp\/v2\/categories?post=161038"},{"taxonomy":"post_tag","embeddable":true,"href":"https:\/\/www.europesays.com\/pt\/wp-json\/wp\/v2\/tags?post=161038"}],"curies":[{"name":"wp","href":"https:\/\/api.w.org\/{rel}","templated":true}]}}