{"id":16105,"date":"2025-08-04T19:54:15","date_gmt":"2025-08-04T19:54:15","guid":{"rendered":"https:\/\/www.europesays.com\/pt\/16105\/"},"modified":"2025-08-04T19:54:15","modified_gmt":"2025-08-04T19:54:15","slug":"ondas-de-calor-recorde-provocam-picos-na-procura-por-ar-condicionado-em-toda-a-europa","status":"publish","type":"post","link":"https:\/\/www.europesays.com\/pt\/16105\/","title":{"rendered":"Ondas de calor recorde provocam picos na procura por ar condicionado em toda a Europa"},"content":{"rendered":"<p>A posse total de aparelhos de ar condicionado permanece relativamente baixa (20%), na Europa, segundo dados da Ag\u00eancia Internacional de Energia (em ingl\u00eas, IEA). Contudo, os ver\u00f5es mais longos e as ondas de calor est\u00e3o a gerar picos na procura por aparelhos de refrigera\u00e7\u00e3o.<\/p>\n<p><a target=\"_blank\" href=\"https:\/\/pplware.sapo.pt\/wp-content\/uploads\/2025\/08\/ar_condicionado-1.jpg\" onclick=\"refreshIframe()\" class=\"foobox\" rel=\"nofollow noopener\"><img fetchpriority=\"high\" decoding=\"async\" src=\"https:\/\/www.europesays.com\/pt\/wp-content\/uploads\/2025\/08\/ar_condicionado-1-720x405.jpg\" alt=\"Mulher a controlar um ar condicionado com o comando\" width=\"720\" height=\"405\" class=\"aligncenter size-medium wp-image-1071525\"  \/><\/a>\n<\/p>\n<p>Este ano dever\u00e1 trazer outro recorde em mat\u00e9ria de calor, com v\u00e1rias regi\u00f5es da Europa e, especificamente, de Portugal, a registarem temperaturas superiores a 40 graus Celsius.<\/p>\n<p>O aumento do calor, bem como as mudan\u00e7as culturais e as altera\u00e7\u00f5es nos rendimentos, est\u00e3o a impulsionar a procura por aparelhos de ar condicionado, de acordo com um <a target=\"_blank\" href=\"https:\/\/www.iea.org\/commentaries\/staying-cool-without-overheating-the-energy-system\" rel=\"nofollow noopener\">relat\u00f3rio da IEA<\/a>, publicado na semana passada.<\/p>\n<p>Os dados da IEA indicam que a posse total de aparelhos de ar condicionado permanece relativamente baixa, na Europa, com os 20% a contrastarem com os cerca de <a target=\"_blank\" href=\"https:\/\/www.eia.gov\/todayinenergy\/detail.php?id=52558\" rel=\"nofollow noopener\">90%<\/a> dos Estados Unidos, segundo a sua Administra\u00e7\u00e3o de Informa\u00e7\u00e3o Energ\u00e9tica.<\/p>\n<p>Apesar desta discrep\u00e2ncia, o s\u00f3cio da McKinsey, Paolo Spranzi, disse que tem havido uma &#8220;acelera\u00e7\u00e3o&#8221; no mercado europeu de refrigera\u00e7\u00e3o, particularmente devido \u00e0s <a target=\"_blank\" href=\"https:\/\/pplware.sapo.pt\/tag\/calor\/\" rel=\"nofollow noopener\">ondas de calor<\/a> deste ano.<\/p>\n<blockquote>\n<p>As coisas est\u00e3o a mudar, porque vemos ondas de calor mais frequentes e prolongadas, tamb\u00e9m na parte norte da Europa, onde a penetra\u00e7\u00e3o \u00e9 menor.<\/p>\n<\/blockquote>\n<p>Explicou Spranzi, \u00e0 CNBC.<\/p>\n<p><a target=\"_blank\" href=\"https:\/\/pplware.sapo.pt\/wp-content\/uploads\/2025\/08\/ar_condicionado_-portatil.jpg\" onclick=\"refreshIframe()\" class=\"foobox\" rel=\"nofollow noopener\"><img loading=\"lazy\" decoding=\"async\" src=\"https:\/\/www.europesays.com\/pt\/wp-content\/uploads\/2025\/08\/ar_condicionado_-portatil-720x405.jpg\" alt=\"Ar condicionado port\u00e1til\" width=\"720\" height=\"405\" class=\"aligncenter size-medium wp-image-1071522\"  \/><\/a><\/p>\n<p>De acordo com Fabian Voswinkel, analista de pol\u00edticas de efici\u00eancia energ\u00e9tica da IEA, embora haja uma procura crescente por aparelhos port\u00e1teis e sistemas completos de ar condicionado embutidos nas resid\u00eancias, h\u00e1 uma diferen\u00e7a no ritmo desse aumento.<\/p>\n<p>Uma vez que estes \u00faltimos demoram mais tempo a instalar e, muitas vezes, s\u00e3o uma compra \u00fanica, manifestam-se como uma tend\u00eancia mais lenta.<\/p>\n<p>Por outro lado, a procura por unidades port\u00e1teis, que os comerciantes descrevem com &#8220;filas de v\u00e1rios meses at\u00e9 bem depois do ver\u00e3o&#8221;, constitui uma procura mais &#8220;espec\u00edfica&#8221;.<\/p>\n<p>Al\u00e9m da crescente procura por aparelhos de ar condicionado port\u00e1teis, empresas como a Johnson Controls, especializada em tecnologias para edif\u00edcios, t\u00eam observado um aumento no interesse por tecnologias de aquecimento, ventila\u00e7\u00e3o e ar condicionado (em ingl\u00eas, HVAC) para <a target=\"_blank\" href=\"https:\/\/pplware.sapo.pt\/inteligencia-artificial\/como-a-ia-vai-ter-um-impacto-inesperado-nas-faturas-de-eletricidade-das-pessoas\/\" rel=\"nofollow noopener\">centros de dados<\/a>, cuidados de sa\u00fade, ind\u00fastria e im\u00f3veis comerciais.<\/p>\n<blockquote>\n<p>\u00c0 medida que a ado\u00e7\u00e3o da [Intelig\u00eancia Artificial] acelera, tamb\u00e9m aumenta a necessidade de sistemas de refrigera\u00e7\u00e3o mais inteligentes e eficientes, tornando o HVAC um facilitador cr\u00edtico da transforma\u00e7\u00e3o digital.<\/p>\n<\/blockquote>\n<p>Explicou Katie McGinty, diretora de sustentabilidade da empresa, destacando, tamb\u00e9m, o aumento no interesse por bombas de calor, que oferecem uma solu\u00e7\u00e3o &#8220;dois em um&#8221;: aquecimento e ar condicionado.<\/p>\n<p>\u00a0<\/p>\n<p>Procura por refrigera\u00e7\u00e3o pode ser um problema energ\u00e9tico e clim\u00e1tico<\/p>\n<p>Segundo a IEA, a procura de energia para refrigera\u00e7\u00e3o poder\u00e1 quase triplicar at\u00e9 2050, caso n\u00e3o seja controlada.<\/p>\n<p>Conforme recordado por Spranzi, &#8220;o ar condicionado era considerado um luxo, ou mesmo um desperd\u00edcio de dinheiro, tendo em conta tamb\u00e9m os elevados custos da eletricidade aqui na Europa&#8221;.<\/p>\n<p><a target=\"_blank\" href=\"https:\/\/pplware.sapo.pt\/wp-content\/uploads\/2025\/08\/estimated-air-conditioner-penetration-by-income-quintile-in-europe-central-asia-east-asia-and-pacific-and-sub-saharan-africa.jpg\" onclick=\"refreshIframe()\" class=\"foobox\" rel=\"nofollow noopener\"><img loading=\"lazy\" decoding=\"async\" aria-describedby=\"caption-attachment-1071526\" src=\"https:\/\/www.europesays.com\/pt\/wp-content\/uploads\/2025\/08\/estimated-air-conditioner-penetration-by-income-quintile-in-europe-central-asia-east-asia-and-pacifi.jpeg\" alt=\"\" width=\"720\" height=\"600\" class=\"wp-image-1071526 size-medium\"  \/><\/a><\/p>\n<p id=\"caption-attachment-1071526\" class=\"wp-caption-text\">Fonte: IEA (<a target=\"_blank\" href=\"https:\/\/www.iea.org\/commentaries\/staying-cool-without-overheating-the-energy-system\" rel=\"nofollow noopener\">2025<\/a>), Estimated air conditioner penetration by income quintile in Europe &amp; Central Asia, East Asia and Pacific and sub-Saharan Africa, IEA<\/p>\n<p>Agora, al\u00e9m de as gera\u00e7\u00f5es mais jovens serem menos propensas a ver o ar condicionado como um luxo, o aumento do trabalho a partir de casa estimula a procura de meios de refrigera\u00e7\u00e3o dos espa\u00e7os.<\/p>\n<p>Como o aquecimento e a refrigera\u00e7\u00e3o em edif\u00edcios representam 20% das emiss\u00f5es globais de di\u00f3xido de carbono, s\u00e3o um &#8220;verdadeiro facilitador&#8221; das emiss\u00f5es globais e um fator significativo a considerar quando se trata de como as novas gera\u00e7\u00f5es de aparelhos de ar condicionado podem impulsionar a sustentabilidade, segundo Spranzi.<\/p>\n<p>A par disso, as perspetivas para o crescimento da carga el\u00e9trica europeia s\u00e3o &#8220;complexas&#8221;, com muitos fatores vari\u00e1veis a contribuir para as previs\u00f5es das empresas de servi\u00e7os p\u00fablicos de um crescimento anual de 1 a 8% nos pr\u00f3ximos cinco anos, dependendo do pa\u00eds, de acordo com Diego Hernandez Diaz, da McKinsey.<\/p>\n<p>Atualmente, as redes est\u00e3o em expans\u00e3o em toda a Europa, de modo a permitir cargas adicionais provenientes de refrigera\u00e7\u00e3o, carregamento de ve\u00edculos el\u00e9tricos, bombas de calor e da ind\u00fastria de eletrifica\u00e7\u00e3o.<\/p>\n<p>Contudo, segundo Fabian Voswinkel, &#8220;neste momento, se de repente todos os alem\u00e3es dissessem: \u00abVou comprar um ar condicionado port\u00e1til para ligar \u00e0 noite\u00bb, a situa\u00e7\u00e3o poderia ficar complicada&#8221;.<\/p>\n","protected":false},"excerpt":{"rendered":"A posse total de aparelhos de ar condicionado permanece relativamente baixa (20%), na Europa, segundo dados da Ag\u00eancia&hellip;\n","protected":false},"author":2,"featured_media":16106,"comment_status":"","ping_status":"","sticky":false,"template":"","format":"standard","meta":{"footnotes":""},"categories":[83],"tags":[6255,88,2834,89,90,445,5858,32,33],"class_list":{"0":"post-16105","1":"post","2":"type-post","3":"status-publish","4":"format-standard","5":"has-post-thumbnail","7":"category-empresas","8":"tag-ar-condicionado","9":"tag-business","10":"tag-calor","11":"tag-economy","12":"tag-empresas","13":"tag-europa","14":"tag-ondas-de-calor","15":"tag-portugal","16":"tag-pt"},"share_on_mastodon":{"url":"","error":""},"_links":{"self":[{"href":"https:\/\/www.europesays.com\/pt\/wp-json\/wp\/v2\/posts\/16105","targetHints":{"allow":["GET"]}}],"collection":[{"href":"https:\/\/www.europesays.com\/pt\/wp-json\/wp\/v2\/posts"}],"about":[{"href":"https:\/\/www.europesays.com\/pt\/wp-json\/wp\/v2\/types\/post"}],"author":[{"embeddable":true,"href":"https:\/\/www.europesays.com\/pt\/wp-json\/wp\/v2\/users\/2"}],"replies":[{"embeddable":true,"href":"https:\/\/www.europesays.com\/pt\/wp-json\/wp\/v2\/comments?post=16105"}],"version-history":[{"count":0,"href":"https:\/\/www.europesays.com\/pt\/wp-json\/wp\/v2\/posts\/16105\/revisions"}],"wp:featuredmedia":[{"embeddable":true,"href":"https:\/\/www.europesays.com\/pt\/wp-json\/wp\/v2\/media\/16106"}],"wp:attachment":[{"href":"https:\/\/www.europesays.com\/pt\/wp-json\/wp\/v2\/media?parent=16105"}],"wp:term":[{"taxonomy":"category","embeddable":true,"href":"https:\/\/www.europesays.com\/pt\/wp-json\/wp\/v2\/categories?post=16105"},{"taxonomy":"post_tag","embeddable":true,"href":"https:\/\/www.europesays.com\/pt\/wp-json\/wp\/v2\/tags?post=16105"}],"curies":[{"name":"wp","href":"https:\/\/api.w.org\/{rel}","templated":true}]}}