{"id":161054,"date":"2025-11-22T11:53:15","date_gmt":"2025-11-22T11:53:15","guid":{"rendered":"https:\/\/www.europesays.com\/pt\/161054\/"},"modified":"2025-11-22T11:53:15","modified_gmt":"2025-11-22T11:53:15","slug":"daniel-braganca-abre-coracao-e-anuncia-regresso-quero-ser-reforco","status":"publish","type":"post","link":"https:\/\/www.europesays.com\/pt\/161054\/","title":{"rendered":"Daniel Bragan\u00e7a abre cora\u00e7\u00e3o e anuncia regresso: \u00abQuero ser refor\u00e7o!\u00bb"},"content":{"rendered":"<p><a target=\"_blank\" class=\"editor-link autolink-enabled\" href=\"https:\/\/www.abola.pt\/basquetebol\/nova-york-knicks-4Im6ALwmaZvRdpNdXmZdXi\" data-resource-id=\"8d60ad3a-618a-40eb-b30b-cd27642863ce\" data-resource-type=\"team\" data-sport=\"basketball\" rel=\"nofollow noopener\">Nova<\/a> vida para <a target=\"_blank\" class=\"editor-link autolink-enabled\" href=\"https:\/\/www.abola.pt\/futebol\/jogador\/daniel-braganca-203439\" data-resource-id=\"203439\" data-resource-type=\"player\" data-sport=\"football\" rel=\"nofollow noopener\">Daniel Bragan\u00e7a<\/a>. Mais uma. O m\u00e9dio dos le\u00f5es, de 26 anos, est\u00e1 perto do regresso aos treinos ap\u00f3s um longo calv\u00e1rio provocado por mais uma les\u00e3o grave no joelho esquerdo. Uma longa aus\u00eancia que n\u00e3o retirou ambi\u00e7\u00e3o ao centrocampista que nesta sexta-feira, no programa Jogo a Jogo da <a target=\"_blank\" class=\"editor-link autolink-enabled\" href=\"https:\/\/www.abola.pt\/futebol\/sport-recife-186\" data-resource-id=\"186\" data-resource-type=\"team\" data-sport=\"football\" rel=\"nofollow noopener\">Sport<\/a> TV, voltou a sorrir sabendo que o regresso j\u00e1 esteve muito mais distante. <a target=\"_blank\" class=\"editor-link autolink-enabled\" href=\"https:\/\/www.abola.pt\/futebol\/jogador\/daniel-braganca-203439\" data-resource-id=\"203439\" data-resource-type=\"player\" data-sport=\"football\" rel=\"nofollow noopener\">Daniel Bragan\u00e7a<\/a> come\u00e7ou por falar daqueles instantes a seguir \u00e0 les\u00e3o, a 15 de fevereiro do ano passado, diante do Arouca em Alvalade.\u00a0<\/p>\n<p>\u00abLogo no momento ca\u00ed no ch\u00e3o sabia o que vinha a\u00ed. Depois veio o doutor, toda aquela incerteza, a dizer outra vez n\u00e3o, mas o barulho que ouvi tinha 99 por cento de certeza que de que iria passar novamente por uma les\u00e3o destas\u00bb, come\u00e7ou por dizer, lembrando o per\u00edodo complicado: \u00a0<\/p>\n<p>            <img decoding=\"async\" src=\"https:\/\/www.europesays.com\/pt\/wp-content\/uploads\/2025\/11\/c8ba7150-2b30-4d39-a4cf-ac01306a0021.jpg\" alt=\"\" width=\"620\" class=\"w-full object-cover\"\/><\/p>\n<p>                    Daniel Bragan\u00e7a falou dos momentos complicados que passou ap\u00f3s a les\u00e3o<\/p>\n<p>\u00ab\u00c9 uma luta di\u00e1ria, f\u00edsica e psicol\u00f3gica, sobretudo psicol\u00f3gica. Consigo ver agora a luz ao fundo do t\u00fanel, felizmente. Sofri muito, fui abaixo, n\u00e3o aceitei logo o que tinha acontecido, por muito que os familiares tentassem animar&#8230; nada podiam dizer para que o sofrimento acabasse. Demorei muito tempo a aceitar. Aquele in\u00edcio, a andar de muletas, n\u00e3o poder ser independente no meu dia a dia, s\u00e3o coisas de que n\u00e3o quero voltar a passar. O meu mindset estava errado e n\u00e3o consegui ganhar aquela luta. Mas pensei que uma vez que j\u00e1 me tinha privado de tanto ao longo da minha adolesc\u00eancia, n\u00e3o podia ir abaixo.\u00bb\u00a0<\/p>\n<p><a class=\"autolink-enabled\" data-resource-id=\"203439\" data-resource-type=\"player\" data-sport=\"football\" href=\"https:\/\/www.abola.pt\/futebol\/jogador\/daniel-braganca-203439\" rel=\"nofollow noopener\" target=\"_blank\">Daniel Bragan\u00e7a<\/a> come\u00e7a agora a olhar para o futuro. Com esperan\u00e7a em recuperar o tempo perdido. \u00abTenho orgulho pela resili\u00eancia que tive. Consegui evoluir muito, sinto que estou bem, pelo acompanhamento que tenho tido, e estou hoje a ver luz ao fundo do t\u00fanel. Ser refor\u00e7o de inverno? Vamos ver. Refor\u00e7o quero ser. Agora de inverno depende do timing. Vamos ver\u00bb, disse.\u00a0<\/p>\n<p>O m\u00e9dio leonino lembrou, tamb\u00e9m, o tempo que passou com <a class=\"autolink-enabled\" data-resource-id=\"8871\" data-resource-type=\"player\" data-sport=\"football\" href=\"https:\/\/www.abola.pt\/futebol\/jogador\/nuno-santos-8871\" rel=\"nofollow noopener\" target=\"_blank\">Nuno Santos<\/a>. \u00abA verdade \u00e9 que passamos muito tempo juntos, no m\u00e9dico e gin\u00e1sio, olhamos para o lado e vemos o <a class=\"autolink-enabled\" data-resource-id=\"8871\" data-resource-type=\"player\" data-sport=\"football\" href=\"https:\/\/www.abola.pt\/futebol\/jogador\/nuno-santos-8871\" rel=\"nofollow noopener\" target=\"_blank\">Nuno Santos<\/a>&#8230; ajuda sempre. Mas o grupo ajudou muito. Mas o que custa mais estar de fora \u00e9 nos momentos complicados. Porque sentes que devias estar ali com os jogadores, a ajudar na adversidade. O jogo na Luz, na \u00e9poca passada, foi duro ficar de fora, o jogo do t\u00edtulo com o V. Guimar\u00e3es&#8230; mas enfim, n\u00e3o podemos fazer nada\u00bb, lamentou. \u00a0<\/p>\n<p><a target=\"_self\" class=\"editor-link\" href=\"https:\/\/profile.google.com\/cp\/CgkvbS8wNWNjOHQ?pf=0\" rel=\"nofollow noopener\">Siga o perfil de A BOLA no Google<\/a><\/p>\n","protected":false},"excerpt":{"rendered":"Nova vida para Daniel Bragan\u00e7a. Mais uma. O m\u00e9dio dos le\u00f5es, de 26 anos, est\u00e1 perto do regresso&hellip;\n","protected":false},"author":2,"featured_media":161055,"comment_status":"","ping_status":"","sticky":false,"template":"","format":"standard","meta":{"footnotes":""},"categories":[8],"tags":[27,28,15,16,14,25,26,21,22,12,13,19,20,32,23,24,33,17,18,29,30,31],"class_list":{"0":"post-161054","1":"post","2":"type-post","3":"status-publish","4":"format-standard","5":"has-post-thumbnail","7":"category-principais-noticias","8":"tag-breaking-news","9":"tag-breakingnews","10":"tag-featured-news","11":"tag-featurednews","12":"tag-headlines","13":"tag-latest-news","14":"tag-latestnews","15":"tag-main-news","16":"tag-mainnews","17":"tag-news","18":"tag-noticias","19":"tag-noticias-principais","20":"tag-noticiasprincipais","21":"tag-portugal","22":"tag-principais-noticias","23":"tag-principaisnoticias","24":"tag-pt","25":"tag-top-stories","26":"tag-topstories","27":"tag-ultimas","28":"tag-ultimas-noticias","29":"tag-ultimasnoticias"},"share_on_mastodon":{"url":"https:\/\/pubeurope.com\/@pt\/115593216541277114","error":""},"_links":{"self":[{"href":"https:\/\/www.europesays.com\/pt\/wp-json\/wp\/v2\/posts\/161054","targetHints":{"allow":["GET"]}}],"collection":[{"href":"https:\/\/www.europesays.com\/pt\/wp-json\/wp\/v2\/posts"}],"about":[{"href":"https:\/\/www.europesays.com\/pt\/wp-json\/wp\/v2\/types\/post"}],"author":[{"embeddable":true,"href":"https:\/\/www.europesays.com\/pt\/wp-json\/wp\/v2\/users\/2"}],"replies":[{"embeddable":true,"href":"https:\/\/www.europesays.com\/pt\/wp-json\/wp\/v2\/comments?post=161054"}],"version-history":[{"count":0,"href":"https:\/\/www.europesays.com\/pt\/wp-json\/wp\/v2\/posts\/161054\/revisions"}],"wp:featuredmedia":[{"embeddable":true,"href":"https:\/\/www.europesays.com\/pt\/wp-json\/wp\/v2\/media\/161055"}],"wp:attachment":[{"href":"https:\/\/www.europesays.com\/pt\/wp-json\/wp\/v2\/media?parent=161054"}],"wp:term":[{"taxonomy":"category","embeddable":true,"href":"https:\/\/www.europesays.com\/pt\/wp-json\/wp\/v2\/categories?post=161054"},{"taxonomy":"post_tag","embeddable":true,"href":"https:\/\/www.europesays.com\/pt\/wp-json\/wp\/v2\/tags?post=161054"}],"curies":[{"name":"wp","href":"https:\/\/api.w.org\/{rel}","templated":true}]}}