{"id":161056,"date":"2025-11-22T11:54:19","date_gmt":"2025-11-22T11:54:19","guid":{"rendered":"https:\/\/www.europesays.com\/pt\/161056\/"},"modified":"2025-11-22T11:54:19","modified_gmt":"2025-11-22T11:54:19","slug":"e-meu-escape-de-lazer","status":"publish","type":"post","link":"https:\/\/www.europesays.com\/pt\/161056\/","title":{"rendered":"&#8216;\u00c9 meu escape de lazer&#8217;"},"content":{"rendered":"\n<p class=\" content-text__container theme-color-primary-first-letter\" data-track-category=\"Link no Texto\" data-track-links=\"\"> <strong>Bell Marques<\/strong> investiu em uma lancha de alto padr\u00e3o, avaliada em aproximadamente R$ 15 milh\u00f5es. O modelo escolhido, o Schaefer 660, chama aten\u00e7\u00e3o pelo design sofisticado e pela estrutura voltada ao conforto. Segundo a fabricante, a embarca\u00e7\u00e3o comporta at\u00e9 20 pessoas e \u00e9 equipada com tecnologia de ponta, incluindo pain\u00e9is multi-touch, joystick de navega\u00e7\u00e3o e sensores avan\u00e7ados. <\/p>\n<ul class=\"content-unordered-list\">\n<li><strong>Confira: <\/strong><a class=\"\" href=\"https:\/\/oglobo.globo.com\/ela\/noticia\/2025\/11\/21\/eliezer-reduz-gastos-no-supermercado-e-mostra-economia-de-mais-de-r-10-mil-por-mes-com-viih-tube.ghtml\" rel=\"nofollow noopener\" target=\"_blank\"><strong>Eliezer reduz gastos no supermercado e mostra economia de mais de R$ 10 mil por m\u00eas com Viih Tube<\/strong><\/a><\/li>\n<li><strong>Veja: <\/strong><a class=\"\" href=\"https:\/\/oglobo.globo.com\/ela\/noticia\/2025\/11\/21\/remocao-de-tatuagem-de-anitta-provoca-reacao-dos-fas-fim-de-uma-era.ghtml\" rel=\"nofollow noopener\" target=\"_blank\"><strong>Remo\u00e7\u00e3o de tatuagem de Anitta provoca rea\u00e7\u00e3o dos f\u00e3s: &#8216;Fim de uma era&#8217;<\/strong><\/a><\/li>\n<\/ul>\n<p class=\" content-text__container \" data-track-category=\"Link no Texto\" data-track-links=\"\"> O barco tamb\u00e9m oferece uma s\u00e9rie de \u00e1reas de conviv\u00eancia, como churrasqueira, sol\u00e1rio amplo e um sof\u00e1 com mesa expans\u00edvel para at\u00e9 seis ocupantes. Um dos diferenciais do modelo s\u00e3o as varandas laterais hidr\u00e1ulicas, que aumentam em cerca de 25% a \u00e1rea da popa. J\u00e1 na parte interna, a lancha disp\u00f5e de tr\u00eas cabines, incluindo uma su\u00edte master com acesso independente e janelas pr\u00f3ximas \u00e0 linha d\u2019\u00e1gua. <\/p>\n<p class=\" content-text__container \" data-track-category=\"Link no Texto\" data-track-links=\"\"> Ap\u00f3s a repercuss\u00e3o da nova aquisi\u00e7\u00e3o, Bell explicou que decidiu investir na lancha por causa da rotina intensa de shows e da necessidade de reservar momentos de descanso. <\/p>\n<p class=\" content-text__container \" data-track-category=\"Link no Texto\" data-track-links=\"\"> &#8220;O barco, para mim, \u00e9 um escape de lazer. Eu tenho poucos momentos de lazer na minha vida porque trabalho muito. Ano passado fiz quase 200 shows, e este ano estou na beira de 200 shows de novo. Ent\u00e3o, me sobram alguns momentos comigo e com a minha fam\u00edlia. E existem dois que eu curto muito: um \u00e9 no mar e outro na terra, obviamente. No mar, \u00e9 na lancha; e na terra, \u00e9 na fazenda. S\u00e3o momentos em que me divirto muito e curto pra caramba&#8221;, disse ao &#8220;Uol&#8221;. <\/p>\n<p class=\" content-text__container \" data-track-category=\"Link no Texto\" data-track-links=\"\"> O cantor ressaltou ainda que a escolha do modelo teve como prioridade receber os familiares com mais conforto. <\/p>\n<p class=\" content-text__container \" data-track-category=\"Link no Texto\" data-track-links=\"\"> &#8220;Procurei dar \u00e0 minha fam\u00edlia um barco de porte bacana, no qual a gente pudesse se divertir. E o mais importante de tudo, o motivo de eu ter comprado esse barco nesse padr\u00e3o, \u00e9 que ele tem cabines para dormir. Eu j\u00e1 tinha um barco antes, mas a quantidade de cabines n\u00e3o comportava minha fam\u00edlia. Comprei este maior justamente para que todos pudessem estar comigo em um momento bem legal&#8221;, declarou. <\/p>\n","protected":false},"excerpt":{"rendered":"Bell Marques investiu em uma lancha de alto padr\u00e3o, avaliada em aproximadamente R$ 15 milh\u00f5es. O modelo escolhido,&hellip;\n","protected":false},"author":2,"featured_media":161057,"comment_status":"","ping_status":"","sticky":false,"template":"","format":"standard","meta":{"footnotes":""},"categories":[145],"tags":[211,210,114,115,319,32,33,318],"class_list":{"0":"post-161056","1":"post","2":"type-post","3":"status-publish","4":"format-standard","5":"has-post-thumbnail","7":"category-celebridades","8":"tag-celebridades","9":"tag-celebrities","10":"tag-entertainment","11":"tag-entretenimento","12":"tag-hard-news","13":"tag-portugal","14":"tag-pt","15":"tag-radar"},"share_on_mastodon":{"url":"https:\/\/pubeurope.com\/@pt\/115593220132175142","error":""},"_links":{"self":[{"href":"https:\/\/www.europesays.com\/pt\/wp-json\/wp\/v2\/posts\/161056","targetHints":{"allow":["GET"]}}],"collection":[{"href":"https:\/\/www.europesays.com\/pt\/wp-json\/wp\/v2\/posts"}],"about":[{"href":"https:\/\/www.europesays.com\/pt\/wp-json\/wp\/v2\/types\/post"}],"author":[{"embeddable":true,"href":"https:\/\/www.europesays.com\/pt\/wp-json\/wp\/v2\/users\/2"}],"replies":[{"embeddable":true,"href":"https:\/\/www.europesays.com\/pt\/wp-json\/wp\/v2\/comments?post=161056"}],"version-history":[{"count":0,"href":"https:\/\/www.europesays.com\/pt\/wp-json\/wp\/v2\/posts\/161056\/revisions"}],"wp:featuredmedia":[{"embeddable":true,"href":"https:\/\/www.europesays.com\/pt\/wp-json\/wp\/v2\/media\/161057"}],"wp:attachment":[{"href":"https:\/\/www.europesays.com\/pt\/wp-json\/wp\/v2\/media?parent=161056"}],"wp:term":[{"taxonomy":"category","embeddable":true,"href":"https:\/\/www.europesays.com\/pt\/wp-json\/wp\/v2\/categories?post=161056"},{"taxonomy":"post_tag","embeddable":true,"href":"https:\/\/www.europesays.com\/pt\/wp-json\/wp\/v2\/tags?post=161056"}],"curies":[{"name":"wp","href":"https:\/\/api.w.org\/{rel}","templated":true}]}}