{"id":161060,"date":"2025-11-22T11:59:20","date_gmt":"2025-11-22T11:59:20","guid":{"rendered":"https:\/\/www.europesays.com\/pt\/161060\/"},"modified":"2025-11-22T11:59:20","modified_gmt":"2025-11-22T11:59:20","slug":"vilao-inusitado-e-confirmado-para-a-nova-trilogia","status":"publish","type":"post","link":"https:\/\/www.europesays.com\/pt\/161060\/","title":{"rendered":"Vil\u00e3o inusitado \u00e9 confirmado para a nova trilogia"},"content":{"rendered":"<p>O Homem-Aranha de <a href=\"https:\/\/legadodamarvel.com.br\/tag\/tom-holland\" rel=\"nofollow noopener\" target=\"_blank\">Tom Holland<\/a> est\u00e1 caminhando para uma nova trilogia no MCU. Mesmo ap\u00f3s a conclus\u00e3o da \u201cTrilogia Casa\u201d, ainda teremos muito dessa vers\u00e3o do her\u00f3i daqui pra frente.<\/p>\n<p>Afinal, eles j\u00e1 est\u00e3o filmando <a href=\"https:\/\/legadodamarvel.com.br\/filme\/homem-aranha-um-novo-dia\" rel=\"nofollow noopener\" target=\"_blank\">Um Novo Dia<\/a>, quarto filme da franquia da Sony em parceria com a Marvel Studios. Obviamente, esse \u00e9 o in\u00edcio de uma nova trilogia.<\/p>\n<p>Ent\u00e3o podemos esperar, pelo menos, a chegada dos eventuais Homem-Aranha 5 e Homem-Aranha 6. Nesse pique de antecipa\u00e7\u00e3o, a Sony parece j\u00e1 ter tra\u00e7ado mais planos para essa trilogia.<\/p>\n<p>Nova trilogia do Homem-Aranha j\u00e1 tem um vil\u00e3o certo<\/p>\n<p>De acordo com o insider <a href=\"https:\/\/x.com\/AlexFromCC\/status\/1991667850386501746\" rel=\"nofollow\">Alex Perez<\/a>, a Sony tem grandes planos para o vil\u00e3o <strong>L\u00c1PIDE<\/strong>, que j\u00e1 est\u00e1 confirmad\u00edssimo em Um Novo Dia.<\/p>\n<p>O ator <strong>Marvin Jones III<\/strong> far\u00e1 sua estreia como o vil\u00e3o no ano que vem. Ap\u00f3s isso, ele deve ter um papel recorrente nos dois pr\u00f3ximos filmes, n\u00e3o sendo apenas um vil\u00e3o descart\u00e1vel.<\/p>\n<p><img loading=\"lazy\" decoding=\"async\" width=\"1024\" height=\"576\" viewbox=\"0 0 1024 576\" src=\"https:\/\/www.europesays.com\/pt\/wp-content\/uploads\/2025\/11\/legadodamarvel-marvin-jones-iii-tombstone-lapide-homem-aranha-spider-man-1024x576.webp.webp\" alt=\"\" class=\"lazyload wp-image-165749\"  data-\/><\/p>\n<p>O insider garante tamb\u00e9m que o exemplo perfeito do papel do L\u00e1pide nessa trilogia est\u00e1 na anima\u00e7\u00e3o \u201cO Espetacular Homem-Aranha\u201d. Sim, a aclamada s\u00e9rie animada de 2008!<\/p>\n<p>Portanto, \u00e9 bem prov\u00e1vel que a gente veja o L\u00e1pide como um grande chef\u00e3o do crime de Nova York. Ser\u00e1 que ele j\u00e1 vai estar estabelecido ou acompanharemos sua ascens\u00e3o?<\/p>\n<p>Ademais, ser\u00e1 que ele pode assumir um papel parecido com o Pinguim no Batman de 2022, e ser uma esp\u00e9cie de vil\u00e3o que ajuda o her\u00f3i em certos momentos?<\/p>\n<p>De qualquer forma, \u00e9 um personagem MUITO INTERESSANTE que o live-action do Homem-Aranha nunca aproveitou!<\/p>\n<p><strong>LEIA TAMB\u00c9M:<\/strong><\/p>\n<p>Por fim, siga de olho aqui no <strong>Legado da Marvel<\/strong> para mais informa\u00e7\u00f5es e curiosidades.<\/p>\n","protected":false},"excerpt":{"rendered":"O Homem-Aranha de Tom Holland est\u00e1 caminhando para uma nova trilogia no MCU. Mesmo ap\u00f3s a conclus\u00e3o da&hellip;\n","protected":false},"author":2,"featured_media":161061,"comment_status":"","ping_status":"","sticky":false,"template":"","format":"standard","meta":{"footnotes":""},"categories":[140],"tags":[114,115,147,148,5814,10305,146,32,33],"class_list":{"0":"post-161060","1":"post","2":"type-post","3":"status-publish","4":"format-standard","5":"has-post-thumbnail","7":"category-filmes","8":"tag-entertainment","9":"tag-entretenimento","10":"tag-film","11":"tag-filmes","12":"tag-homem-aranha","13":"tag-homem-aranha-um-novo-dia","14":"tag-movies","15":"tag-portugal","16":"tag-pt"},"share_on_mastodon":{"url":"https:\/\/pubeurope.com\/@pt\/115593241115585197","error":""},"_links":{"self":[{"href":"https:\/\/www.europesays.com\/pt\/wp-json\/wp\/v2\/posts\/161060","targetHints":{"allow":["GET"]}}],"collection":[{"href":"https:\/\/www.europesays.com\/pt\/wp-json\/wp\/v2\/posts"}],"about":[{"href":"https:\/\/www.europesays.com\/pt\/wp-json\/wp\/v2\/types\/post"}],"author":[{"embeddable":true,"href":"https:\/\/www.europesays.com\/pt\/wp-json\/wp\/v2\/users\/2"}],"replies":[{"embeddable":true,"href":"https:\/\/www.europesays.com\/pt\/wp-json\/wp\/v2\/comments?post=161060"}],"version-history":[{"count":0,"href":"https:\/\/www.europesays.com\/pt\/wp-json\/wp\/v2\/posts\/161060\/revisions"}],"wp:featuredmedia":[{"embeddable":true,"href":"https:\/\/www.europesays.com\/pt\/wp-json\/wp\/v2\/media\/161061"}],"wp:attachment":[{"href":"https:\/\/www.europesays.com\/pt\/wp-json\/wp\/v2\/media?parent=161060"}],"wp:term":[{"taxonomy":"category","embeddable":true,"href":"https:\/\/www.europesays.com\/pt\/wp-json\/wp\/v2\/categories?post=161060"},{"taxonomy":"post_tag","embeddable":true,"href":"https:\/\/www.europesays.com\/pt\/wp-json\/wp\/v2\/tags?post=161060"}],"curies":[{"name":"wp","href":"https:\/\/api.w.org\/{rel}","templated":true}]}}