{"id":161068,"date":"2025-11-22T12:06:27","date_gmt":"2025-11-22T12:06:27","guid":{"rendered":"https:\/\/www.europesays.com\/pt\/161068\/"},"modified":"2025-11-22T12:06:27","modified_gmt":"2025-11-22T12:06:27","slug":"ainda-tem-selos-do-seguro-e-inspecao-no-para-brisas-do-seu-carro","status":"publish","type":"post","link":"https:\/\/www.europesays.com\/pt\/161068\/","title":{"rendered":"Ainda tem selos do seguro e inspe\u00e7\u00e3o no para-brisas do seu carro?"},"content":{"rendered":"<p>Durante d\u00e9cadas, olhar para o canto inferior direito do para-brisa de um carro em Portugal era como ver um pequeno calend\u00e1rio colorido. E atualmente, ainda precisa de ter afixado algum selo?<\/p>\n<p><a target=\"_blank\" href=\"https:\/\/www.europesays.com\/pt\/wp-content\/uploads\/2025\/11\/selo-carro12.jpeg\" onclick=\"refreshIframe()\" class=\"foobox\"><img fetchpriority=\"high\" decoding=\"async\" src=\"https:\/\/www.europesays.com\/pt\/wp-content\/uploads\/2025\/11\/selo-carro12.jpeg\" alt=\"Ainda tem selos do seguro e inspe\u00e7\u00e3o no para-brisas do seu carro? \" width=\"720\" height=\"405\" class=\"aligncenter wp-image-985465 size-full\"  \/><\/a><\/p>\n<p>Atualmente, a legisla\u00e7\u00e3o portuguesa j\u00e1 n\u00e3o obriga \u00e0 afixa\u00e7\u00e3o de nenhum destes dois d\u00edsticos. O seu para-brisas pode estar completamente limpo. Mas aten\u00e7\u00e3o: isto n\u00e3o significa que as obriga\u00e7\u00f5es de ter seguro e inspe\u00e7\u00e3o desapareceram. Apenas a forma de o comprovar mudou.<\/p>\n<p>O Fim do &#8220;Selo Verde&#8221; do Seguro<\/p>\n<p>Esta foi a mudan\u00e7a mais &#8220;recente&#8221; e significativa. At\u00e9 muito recentemente, a falta do pequeno quadrado verde da Carta Verde no vidro dava direito a multa.<\/p>\n<p>Isso mudou em julho de 2023. Uma altera\u00e7\u00e3o \u00e0 lei eliminou a obrigatoriedade de afixar o d\u00edstico do seguro autom\u00f3vel no vidro da viatura.<\/p>\n<ul>\n<li>O selo no vidro \u00e9 opcional: Pode retir\u00e1-lo se desejar.<\/li>\n<li>A prova de seguro continua a ser obrigat\u00f3ria: Ter seguro v\u00e1lido \u00e9 fundamental, e tem de conseguir prov\u00e1-lo numa opera\u00e7\u00e3o stop.<\/li>\n<li>A revolu\u00e7\u00e3o digital: A grande novidade \u00e9 que o comprovativo de seguro (a Carta Verde) j\u00e1 n\u00e3o tem de ser um papel verde oficial. Agora, \u00e9 v\u00e1lido em formato digital. Pode apresentar o PDF que a seguradora lhe envia no telem\u00f3vel, ou pode imprimir esse documento em casa numa folha de papel branco normal (A4). Ambos s\u00e3o v\u00e1lidos perante as autoridades.<\/li>\n<\/ul>\n<p><a target=\"_blank\" href=\"https:\/\/pplware.sapo.pt\/wp-content\/uploads\/2020\/10\/carta-verde.jpg\" onclick=\"refreshIframe()\" class=\"foobox\" rel=\"nofollow noopener\"><img loading=\"lazy\" decoding=\"async\" src=\"https:\/\/www.europesays.com\/pt\/wp-content\/uploads\/2025\/11\/carta-verde-720x405.jpg\" alt=\"Ainda tem selos do seguro e inspe\u00e7\u00e3o no para-brisas do seu carro? \" width=\"720\" height=\"405\" class=\"aligncenter wp-image-713994 size-medium\"  \/><\/a><\/p>\n<p>O Selo da Inspe\u00e7\u00e3o (IPO)<\/p>\n<p>A situa\u00e7\u00e3o do selo da Inspe\u00e7\u00e3o Peri\u00f3dica Obrigat\u00f3ria (IPO) gera mais confus\u00e3o porque a mudan\u00e7a \u00e9 mais antiga, mas o h\u00e1bito perdurou.<\/p>\n<p>A obrigatoriedade de colar o d\u00edstico colorido da inspe\u00e7\u00e3o no vidro terminou em 2012. J\u00e1 l\u00e1 vai mais de uma d\u00e9cada.<\/p>\n<p>O que precisa de saber:<\/p>\n<ul>\n<li>O selo n\u00e3o tem valor legal: Embora alguns centros de inspe\u00e7\u00e3o ainda possam fornecer o d\u00edstico por h\u00e1bito, ele n\u00e3o serve como prova perante a pol\u00edcia.<\/li>\n<li>O documento essencial \u00e9 a Ficha de Inspe\u00e7\u00e3o: O \u00fanico documento que comprova que o seu carro passou na inspe\u00e7\u00e3o \u00e9 a folha de papel (o relat\u00f3rio oficial) que lhe \u00e9 entregue no final da inspe\u00e7\u00e3o. \u00c9 este documento que tem de estar obrigatoriamente dentro do ve\u00edculo.<\/li>\n<\/ul>\n<p>A lei evoluiu para simplificar a vida dos condutores e reduzir a burocracia do papel.<\/p>\n<p>Pode, com toda a seguran\u00e7a legal, retirar os d\u00edsticos antigos do seu para-brisas. No entanto, certifique-se sempre de que transporta consigo os comprovativos reais:<\/p>\n<ul>\n<li>A Carta Verde do seguro (em papel branco ou digital no smartphone).<\/li>\n<li>A Ficha de Inspe\u00e7\u00e3o Peri\u00f3dica (em papel).<\/li>\n<\/ul>\n","protected":false},"excerpt":{"rendered":"Durante d\u00e9cadas, olhar para o canto inferior direito do para-brisa de um carro em Portugal era como ver&hellip;\n","protected":false},"author":2,"featured_media":161069,"comment_status":"","ping_status":"","sticky":false,"template":"","format":"standard","meta":{"footnotes":""},"categories":[10],"tags":[27,28,15,16,14,25,26,21,22,12,13,19,20,32,23,24,33,34213,17,18,29,30,31],"class_list":{"0":"post-161068","1":"post","2":"type-post","3":"status-publish","4":"format-standard","5":"has-post-thumbnail","7":"category-portugal","8":"tag-breaking-news","9":"tag-breakingnews","10":"tag-featured-news","11":"tag-featurednews","12":"tag-headlines","13":"tag-latest-news","14":"tag-latestnews","15":"tag-main-news","16":"tag-mainnews","17":"tag-news","18":"tag-noticias","19":"tag-noticias-principais","20":"tag-noticiasprincipais","21":"tag-portugal","22":"tag-principais-noticias","23":"tag-principaisnoticias","24":"tag-pt","25":"tag-selos","26":"tag-top-stories","27":"tag-topstories","28":"tag-ultimas","29":"tag-ultimas-noticias","30":"tag-ultimasnoticias"},"share_on_mastodon":{"url":"https:\/\/pubeurope.com\/@pt\/115593268145020712","error":""},"_links":{"self":[{"href":"https:\/\/www.europesays.com\/pt\/wp-json\/wp\/v2\/posts\/161068","targetHints":{"allow":["GET"]}}],"collection":[{"href":"https:\/\/www.europesays.com\/pt\/wp-json\/wp\/v2\/posts"}],"about":[{"href":"https:\/\/www.europesays.com\/pt\/wp-json\/wp\/v2\/types\/post"}],"author":[{"embeddable":true,"href":"https:\/\/www.europesays.com\/pt\/wp-json\/wp\/v2\/users\/2"}],"replies":[{"embeddable":true,"href":"https:\/\/www.europesays.com\/pt\/wp-json\/wp\/v2\/comments?post=161068"}],"version-history":[{"count":0,"href":"https:\/\/www.europesays.com\/pt\/wp-json\/wp\/v2\/posts\/161068\/revisions"}],"wp:featuredmedia":[{"embeddable":true,"href":"https:\/\/www.europesays.com\/pt\/wp-json\/wp\/v2\/media\/161069"}],"wp:attachment":[{"href":"https:\/\/www.europesays.com\/pt\/wp-json\/wp\/v2\/media?parent=161068"}],"wp:term":[{"taxonomy":"category","embeddable":true,"href":"https:\/\/www.europesays.com\/pt\/wp-json\/wp\/v2\/categories?post=161068"},{"taxonomy":"post_tag","embeddable":true,"href":"https:\/\/www.europesays.com\/pt\/wp-json\/wp\/v2\/tags?post=161068"}],"curies":[{"name":"wp","href":"https:\/\/api.w.org\/{rel}","templated":true}]}}