{"id":161070,"date":"2025-11-22T12:07:12","date_gmt":"2025-11-22T12:07:12","guid":{"rendered":"https:\/\/www.europesays.com\/pt\/161070\/"},"modified":"2025-11-22T12:07:12","modified_gmt":"2025-11-22T12:07:12","slug":"pelo-sporting-ate-jogava-de-graca","status":"publish","type":"post","link":"https:\/\/www.europesays.com\/pt\/161070\/","title":{"rendered":"\u00abPelo Sporting, at\u00e9 jogava de gra\u00e7a\u00bb"},"content":{"rendered":"<p><strong>Destino Aventura<\/strong>\u00a0\u00e9 a rubrica em que\u00a0<strong>A BOLA<\/strong>\u00a0d\u00e1 a conhecer jogadores e treinadores espalhados pelos cantos mais remotos do mundo.<\/p>\n<p>Na terceira \u00e9poca ao servi\u00e7o Oleksandriya, da Ucr\u00e2nia, Miguel Campos continua a seguir o campeonato portugu\u00eas e, em especial, o seu <a target=\"_blank\" class=\"editor-link autolink-enabled\" href=\"https:\/\/www.abola.pt\/futebol\/sporting-448\" data-resource-id=\"448\" data-resource-type=\"team\" data-sport=\"football\" rel=\"nofollow noopener\">Sporting<\/a>. Apesar de admitir que quer continuar a jogar no estrangeiro, o defesa confessou a<strong> <\/strong><strong>A BOLA<\/strong><strong> <\/strong>que n\u00e3o esquece o sonho de jogar pelo emblema de Alvalade e j\u00e1 tem os olhos no tricampeonato. Natural de Fermentelos, no concelho de \u00c1gueda, falou, ainda, sobre o momento em que marcou um hat trick, na temporada passada, a exper\u00eancia de jogar nas competi\u00e7\u00f5es europeias e ter sido treinado por uma lenda do futebol croata.<\/p>\n<p><strong>&#8211; Objetivos para o futuro? Continuar fora de Portugal?<\/strong><\/p>\n<p>&#8211; Fora de Portugal, quase de certeza. Quero continuar fora porque me sinto mais valorizado, ganho mais do que em Portugal. Quero construir fam\u00edlia e estar mais desafogado quando regressar. Acredito que n\u00e3o fique muito tempo na Ucr\u00e2nia, porque aqui \u00e9 mais complicado para criar fam\u00edlia, comunica\u00e7\u00e3o dif\u00edcil, por causa da l\u00edngua, especialmente, por estarmos numa vila. <\/p>\n<p><strong>&#8211; E o sonho de jogar na <a class=\"autolink-enabled\" data-resource-id=\"13\" data-resource-type=\"competition\" data-sport=\"football\" href=\"https:\/\/www.abola.pt\/futebol\/competicao\/liga-portugal-betclic-13\" rel=\"nofollow noopener\" target=\"_blank\">Liga<\/a>&#8230; e no <a class=\"autolink-enabled\" data-resource-id=\"448\" data-resource-type=\"team\" data-sport=\"football\" href=\"https:\/\/www.abola.pt\/futebol\/sporting-448\" rel=\"nofollow noopener\" target=\"_blank\">Sporting<\/a>? <\/strong><\/p>\n<p>&#8211; O meu sonho de jogar no <a class=\"autolink-enabled\" data-resource-id=\"448\" data-resource-type=\"team\" data-sport=\"football\" href=\"https:\/\/www.abola.pt\/futebol\/sporting-448\" rel=\"nofollow noopener\" target=\"_blank\">Sporting<\/a> mant\u00e9m-se. Sempre tive esse sonho, at\u00e9 jogava de borla, mas depende do coletivo e da minha performance. Na \u00e9poca passada, via-me a fazer a mudan\u00e7a para um grande, porque fiz uma grande temporada e fic\u00e1mos em segundo. Este ano, estamos a lutar para n\u00e3o descer. Posso sonhar, mas percebo que vai ser mais complicado.<\/p>\n<p>            <img decoding=\"async\" src=\"https:\/\/www.europesays.com\/pt\/wp-content\/uploads\/2025\/11\/73853f3b-de0b-41fc-be12-4b874b17c0d3.jpg\" alt=\"\" width=\"620\" class=\"w-full object-cover\"\/><\/p>\n<p>                    Miguel Campos fez 29 jogos e marcou cinco golos, em 2024\/25. Foto: Instagram<\/p>\n<p><strong>&#8211; Achas que aquele <\/strong><strong>hat trick<\/strong><strong> ao Karpaty, na \u00e9poca passada, chamou aten\u00e7\u00f5es?<\/strong><\/p>\n<p>&#8211; Chamou, sobretudo entre amigos, mas foi inesperado. No final do jogo, comecei-me a rir e pedi a bola. Vai ser um momento que vou guardar. Foi um recorde, acho que h\u00e1 muitos anos que um defesa n\u00e3o marcava hat trick. Estou na hist\u00f3ria [risos].<\/p>\n<p><strong>&#8211; Acreditas no tricampeonato?<\/strong> <\/p>\n<p>&#8211; Acredito, mas o <a class=\"autolink-enabled\" data-resource-id=\"451\" data-resource-type=\"team\" data-sport=\"football\" href=\"https:\/\/www.abola.pt\/futebol\/fc-porto-451\" rel=\"nofollow noopener\" target=\"_blank\">FC Porto<\/a> est\u00e1 muito forte. Mas acredito. Se ganh\u00e1mos ao <a class=\"autolink-enabled\" data-resource-id=\"289\" data-resource-type=\"team\" data-sport=\"football\" href=\"https:\/\/www.abola.pt\/futebol\/marselha-289\" rel=\"nofollow noopener\" target=\"_blank\">Marselha<\/a>, conseguimos ganhar ao FC Porto. N\u00f3s, sportinguistas, est\u00e1vamos habituados ao Ruben Amorim. Agora, as coisas s\u00e3o um pouco diferentes. O Rui Borges gosta de jogar num sistema, quando chegou, a equipa jogava noutro. Teve de mudar um pouco e agora \u00e9 que a equipa se est\u00e1 a acostumar \u00e0 maneira dele. \u00c9 um processo, v\u00e3o se encaixando at\u00e9 \u00e0 ideia come\u00e7ar a fluir. <\/p>\n<p><strong>&#8211; Fizeste a estreia em competi\u00e7\u00f5es europeias esta \u00e9poca, frente o <a class=\"autolink-enabled\" data-resource-id=\"619\" data-resource-type=\"team\" data-sport=\"football\" href=\"https:\/\/www.abola.pt\/futebol\/partizan-belgrado-619\" rel=\"nofollow noopener\" target=\"_blank\">Partizan<\/a>, na <a class=\"autolink-enabled\" data-resource-id=\"755\" data-resource-type=\"competition\" data-sport=\"football\" href=\"https:\/\/www.abola.pt\/futebol\/competicao\/liga-conferencia-qualificacao-755\" rel=\"nofollow noopener\" target=\"_blank\">Liga Confer\u00eancia<\/a>. Como foi?<\/strong><\/p>\n<p>&#8211; Foi um momento de orgulho, apesar de algum desalento porque esperava passar essa fase, n\u00e3o aconteceu. Mas \u00e9 um marco importante na carreira, que gostava de repetir. Talvez n\u00e3o nas competi\u00e7\u00f5es europeias, mas nas asi\u00e1ticas&#8230;<\/p>\n<p><strong>&#8211; Quando estavas no Rude, da Cro\u00e1cia, foste treinado por uma lenda do futebol croata, <\/strong><strong>Robert <\/strong><strong>Prosinecki, como era ele a treinar?<\/strong><\/p>\n<p>&#8211; Ele levou muito o estilo que tinha como jogador, no <a class=\"autolink-enabled\" data-resource-id=\"204\" data-resource-type=\"team\" data-sport=\"football\" href=\"https:\/\/www.abola.pt\/futebol\/real-madrid-204\" rel=\"nofollow noopener\" target=\"_blank\">Real Madrid<\/a> e <a class=\"autolink-enabled\" data-resource-id=\"205\" data-resource-type=\"team\" data-sport=\"football\" href=\"https:\/\/www.abola.pt\/futebol\/barcelona-205\" rel=\"nofollow noopener\" target=\"_blank\">Barcelona<\/a>. Gostava muito dos joguinhos com posse e momentos com bola. Era fascinado por isso. Mas acho que interpretou mal, porque n\u00e3o t\u00ednhamos equipa para isso. No in\u00edcio, cri\u00e1mos impacto, pelo estilo de jogo, mas, depois de perder alguns jogos, perdeu-se a f\u00e9 no treinador e na ideia.<\/p>\n<p>            <img decoding=\"async\" src=\"https:\/\/www.europesays.com\/pt\/wp-content\/uploads\/2025\/11\/85fc603f-122e-430b-8745-df70b2a585ef.jpeg\" alt=\"\" width=\"620\" class=\"w-full object-cover\"\/><\/p>\n<p>                    Robert Prosinecki brilhou ao servi\u00e7o de Real Madrid, Barcelona e Cro\u00e1cia, na d\u00e9cada de 90. Foto: IMAGO<\/p>\n<p><a target=\"_blank\" class=\"editor-link\" href=\"https:\/\/profile.google.com\/cp\/CgkvbS8wNWNjOHQ?pf=0\" rel=\"nofollow noopener\">Siga o perfil de A BOLA no Google<\/a><\/p>\n","protected":false},"excerpt":{"rendered":"Destino Aventura\u00a0\u00e9 a rubrica em que\u00a0A BOLA\u00a0d\u00e1 a conhecer jogadores e treinadores espalhados pelos cantos mais remotos do&hellip;\n","protected":false},"author":2,"featured_media":161071,"comment_status":"","ping_status":"","sticky":false,"template":"","format":"standard","meta":{"footnotes":""},"categories":[8],"tags":[27,28,15,16,14,25,26,21,22,12,13,19,20,32,23,24,33,17,18,29,30,31],"class_list":{"0":"post-161070","1":"post","2":"type-post","3":"status-publish","4":"format-standard","5":"has-post-thumbnail","7":"category-principais-noticias","8":"tag-breaking-news","9":"tag-breakingnews","10":"tag-featured-news","11":"tag-featurednews","12":"tag-headlines","13":"tag-latest-news","14":"tag-latestnews","15":"tag-main-news","16":"tag-mainnews","17":"tag-news","18":"tag-noticias","19":"tag-noticias-principais","20":"tag-noticiasprincipais","21":"tag-portugal","22":"tag-principais-noticias","23":"tag-principaisnoticias","24":"tag-pt","25":"tag-top-stories","26":"tag-topstories","27":"tag-ultimas","28":"tag-ultimas-noticias","29":"tag-ultimasnoticias"},"share_on_mastodon":{"url":"https:\/\/pubeurope.com\/@pt\/115593271603865666","error":""},"_links":{"self":[{"href":"https:\/\/www.europesays.com\/pt\/wp-json\/wp\/v2\/posts\/161070","targetHints":{"allow":["GET"]}}],"collection":[{"href":"https:\/\/www.europesays.com\/pt\/wp-json\/wp\/v2\/posts"}],"about":[{"href":"https:\/\/www.europesays.com\/pt\/wp-json\/wp\/v2\/types\/post"}],"author":[{"embeddable":true,"href":"https:\/\/www.europesays.com\/pt\/wp-json\/wp\/v2\/users\/2"}],"replies":[{"embeddable":true,"href":"https:\/\/www.europesays.com\/pt\/wp-json\/wp\/v2\/comments?post=161070"}],"version-history":[{"count":0,"href":"https:\/\/www.europesays.com\/pt\/wp-json\/wp\/v2\/posts\/161070\/revisions"}],"wp:featuredmedia":[{"embeddable":true,"href":"https:\/\/www.europesays.com\/pt\/wp-json\/wp\/v2\/media\/161071"}],"wp:attachment":[{"href":"https:\/\/www.europesays.com\/pt\/wp-json\/wp\/v2\/media?parent=161070"}],"wp:term":[{"taxonomy":"category","embeddable":true,"href":"https:\/\/www.europesays.com\/pt\/wp-json\/wp\/v2\/categories?post=161070"},{"taxonomy":"post_tag","embeddable":true,"href":"https:\/\/www.europesays.com\/pt\/wp-json\/wp\/v2\/tags?post=161070"}],"curies":[{"name":"wp","href":"https:\/\/api.w.org\/{rel}","templated":true}]}}