{"id":161088,"date":"2025-11-22T12:21:43","date_gmt":"2025-11-22T12:21:43","guid":{"rendered":"https:\/\/www.europesays.com\/pt\/161088\/"},"modified":"2025-11-22T12:21:43","modified_gmt":"2025-11-22T12:21:43","slug":"isto-nem-e-viver-um-dia-de-cada-vez-e-uma-hora-de-cada-vez-centros-de-asilo-podem-fechar-e-nao-ha-certezas-para-quem-la-vive-agora","status":"publish","type":"post","link":"https:\/\/www.europesays.com\/pt\/161088\/","title":{"rendered":"\u201cIsto nem \u00e9 viver um dia de cada vez, \u00e9 uma hora de cada vez\u201d. Centros de asilo podem fechar e n\u00e3o h\u00e1 certezas para quem l\u00e1 vive agora"},"content":{"rendered":"<p>Deixa-se cair numa poltrona, suspira, passa a m\u00e3o na barriga. <strong>Come\u00e7a a contar que est\u00e1 em fuga h\u00e1 mais de tr\u00eas anos<\/strong>. A gravidez, muito perto do tempo, faz esticar o tecido do vestido at\u00e9 quase \u00e0 transpar\u00eancia. <strong>Portugal \u00e9 o fim que deseja para o seu percurso, mas sente-se cansada, um bocadinho ansiosa<\/strong>. Em setembro de 2022, Fathima Kamar\u00e1, ent\u00e3o com 20 anos, saiu de casa, na Serra Leoa, para n\u00e3o ter de \u201ccasar com um homem velho\u201d.<\/p>\n<p>O noivo que tinha escolhido para si, Muhammad, fugiu com ela, mas decidiram separar-se pouco depois, quando receberam de amigos o aviso de que eram procurados pelas respectivas fam\u00edlias. <strong>Fathima continuou sozinha para a Turquia; ele, talvez, para a L\u00edbia<\/strong>. No mar Egeu, a caminho das ilhas gregas, o barco onde seguia perdeu o motor e come\u00e7ou a afundar-se. <strong>\u201cEu s\u00f3 ouvi algu\u00e9m gritar: \u2018ponham os vossos coletes, liguem \u00e0s vossas fam\u00edlias agora, e seja o que Deus quiser\u2019\u201d, conta a jovem<\/strong>. O barco foi engolido pelo mar, e os passageiros ficaram \u00e0 espera, na \u00e1gua. \u201cMorreram 15 pessoas nesse dia. Eu fui uma das sobreviventes, fomos salvos por um barco de turistas\u201d.<\/p>\n<p>  <a href=\"https:\/\/expresso.pt\/subscrever?action=GEN&amp;channel=VID&amp;type=CAP&amp;source=WEB&amp;returnUrl=https:\/\/expresso.pt\/sociedade\/migracoes\/2025-11-20-isto-nem-e-viver-um-dia-de-cada-vez-e-uma-hora-de-cada-vez.-centros-de-asilo-podem-fechar-e-nao-ha-certezas-para-quem-la-vive-agora-e92fb0e2&amp;utm_source=expresso&amp;utm_medium=locked_article&amp;locked=true&amp;article_id=03ec4ab4-832c-4cf4-afae-bacc400bd609&amp;author_id=Ana+Fran\u00e7a,Tiago+Miranda&amp;category=Migra\u00e7\u00f5es\" target=\"_self\" class=\"\" rel=\"nofollow noopener\">Subscrever<\/a>J\u00e1 \u00e9 Subscritor?Fa\u00e7a login e continue a ler<a href=\"http:\/\/expresso.pt\/codigo?redirectUrl=https:\/\/expresso.pt\/sociedade\/migracoes\/2025-11-20-isto-nem-e-viver-um-dia-de-cada-vez-e-uma-hora-de-cada-vez.-centros-de-asilo-podem-fechar-e-nao-ha-certezas-para-quem-la-vive-agora-e92fb0e2\" target=\"_self\" class=\"\" rel=\"nofollow noopener\">Inserir C\u00f3digo<\/a>Comprou o Expresso?Insira o c\u00f3digo presente na Revista E para continuar a ler<\/p>\n","protected":false},"excerpt":{"rendered":"Deixa-se cair numa poltrona, suspira, passa a m\u00e3o na barriga. Come\u00e7a a contar que est\u00e1 em fuga h\u00e1&hellip;\n","protected":false},"author":2,"featured_media":161089,"comment_status":"","ping_status":"","sticky":false,"template":"","format":"standard","meta":{"footnotes":""},"categories":[10],"tags":[27,28,15,16,14,25,26,21,22,12,13,19,20,32,23,24,33,17,18,29,30,31],"class_list":{"0":"post-161088","1":"post","2":"type-post","3":"status-publish","4":"format-standard","5":"has-post-thumbnail","7":"category-portugal","8":"tag-breaking-news","9":"tag-breakingnews","10":"tag-featured-news","11":"tag-featurednews","12":"tag-headlines","13":"tag-latest-news","14":"tag-latestnews","15":"tag-main-news","16":"tag-mainnews","17":"tag-news","18":"tag-noticias","19":"tag-noticias-principais","20":"tag-noticiasprincipais","21":"tag-portugal","22":"tag-principais-noticias","23":"tag-principaisnoticias","24":"tag-pt","25":"tag-top-stories","26":"tag-topstories","27":"tag-ultimas","28":"tag-ultimas-noticias","29":"tag-ultimasnoticias"},"share_on_mastodon":{"url":"https:\/\/pubeurope.com\/@pt\/115593326331626415","error":""},"_links":{"self":[{"href":"https:\/\/www.europesays.com\/pt\/wp-json\/wp\/v2\/posts\/161088","targetHints":{"allow":["GET"]}}],"collection":[{"href":"https:\/\/www.europesays.com\/pt\/wp-json\/wp\/v2\/posts"}],"about":[{"href":"https:\/\/www.europesays.com\/pt\/wp-json\/wp\/v2\/types\/post"}],"author":[{"embeddable":true,"href":"https:\/\/www.europesays.com\/pt\/wp-json\/wp\/v2\/users\/2"}],"replies":[{"embeddable":true,"href":"https:\/\/www.europesays.com\/pt\/wp-json\/wp\/v2\/comments?post=161088"}],"version-history":[{"count":0,"href":"https:\/\/www.europesays.com\/pt\/wp-json\/wp\/v2\/posts\/161088\/revisions"}],"wp:featuredmedia":[{"embeddable":true,"href":"https:\/\/www.europesays.com\/pt\/wp-json\/wp\/v2\/media\/161089"}],"wp:attachment":[{"href":"https:\/\/www.europesays.com\/pt\/wp-json\/wp\/v2\/media?parent=161088"}],"wp:term":[{"taxonomy":"category","embeddable":true,"href":"https:\/\/www.europesays.com\/pt\/wp-json\/wp\/v2\/categories?post=161088"},{"taxonomy":"post_tag","embeddable":true,"href":"https:\/\/www.europesays.com\/pt\/wp-json\/wp\/v2\/tags?post=161088"}],"curies":[{"name":"wp","href":"https:\/\/api.w.org\/{rel}","templated":true}]}}