{"id":161090,"date":"2025-11-22T12:26:17","date_gmt":"2025-11-22T12:26:17","guid":{"rendered":"https:\/\/www.europesays.com\/pt\/161090\/"},"modified":"2025-11-22T12:26:17","modified_gmt":"2025-11-22T12:26:17","slug":"filho-de-ze-felipe-encanta-internautas-ao-ouvir-o-pai-cantar-celebridades","status":"publish","type":"post","link":"https:\/\/www.europesays.com\/pt\/161090\/","title":{"rendered":"Filho de Z\u00e9 Felipe encanta internautas ao ouvir o pai cantar | Celebridades"},"content":{"rendered":"<p>Rio &#8211; Jos\u00e9 Leonardo, ca\u00e7ula de Virginia e Z\u00e9 Felipe, derreteu a web na manh\u00e3 desta sexta-feira (21) ao reagir de forma espont\u00e2nea ao ouvir o pai cantar.<\/p>\n<p>Em v\u00eddeo publicado nos stories do cantor, Z\u00e9 aparece com o viol\u00e3o e come\u00e7a a tocar \u201cQuem Dorme \u00e9 o Le\u00e3o\u201d, m\u00fasica que integra a trilha sonora da anima\u00e7\u00e3o O Rei Le\u00e3o (1994). Jos\u00e9, de apenas 1 ano, se anima ao ouvir a can\u00e7\u00e3o e tenta se aproximar do pai. Quando \u00e9 colocado ao lado do sertanejo, o pequeno o abra\u00e7a com for\u00e7a. \u201cVoc\u00ea est\u00e1 abra\u00e7ando forte, hein, Jos\u00e9?\u201d, brinca Z\u00e9 Felipe.<\/p>\n<p>O menino tamb\u00e9m explora o instrumento musical e balbucia \u201cpapa\u201d antes de correr para abra\u00e7\u00e1-lo novamente.<\/p>\n<p>O momento repercutiu nas redes sociais, e f\u00e3s da fam\u00edlia n\u00e3o economizaram elogios. \u201cAi, que lindo! Que amor por esse papai\u201d, comentou uma seguidora. \u201cAmor que n\u00e3o se mede\u2026 J.L falando \u2018papa\u2019, muito lindo!\u201d, disse outra. \u201c\u00d4, gente, que del\u00edcia\u2026 ama o \u2018pepa\u00ed\u2019 cantando pra ele\u201d, escreveu uma terceira.<\/p>\n","protected":false},"excerpt":{"rendered":"Rio &#8211; Jos\u00e9 Leonardo, ca\u00e7ula de Virginia e Z\u00e9 Felipe, derreteu a web na manh\u00e3 desta sexta-feira (21)&hellip;\n","protected":false},"author":2,"featured_media":161091,"comment_status":"","ping_status":"","sticky":false,"template":"","format":"standard","meta":{"footnotes":""},"categories":[145],"tags":[211,210,114,115,17936,32,33,973,1445],"class_list":{"0":"post-161090","1":"post","2":"type-post","3":"status-publish","4":"format-standard","5":"has-post-thumbnail","7":"category-celebridades","8":"tag-celebridades","9":"tag-celebrities","10":"tag-entertainment","11":"tag-entretenimento","12":"tag-jose-leonardo","13":"tag-portugal","14":"tag-pt","15":"tag-virginia","16":"tag-ze-felipe"},"share_on_mastodon":{"url":"https:\/\/pubeurope.com\/@pt\/115593346191293341","error":""},"_links":{"self":[{"href":"https:\/\/www.europesays.com\/pt\/wp-json\/wp\/v2\/posts\/161090","targetHints":{"allow":["GET"]}}],"collection":[{"href":"https:\/\/www.europesays.com\/pt\/wp-json\/wp\/v2\/posts"}],"about":[{"href":"https:\/\/www.europesays.com\/pt\/wp-json\/wp\/v2\/types\/post"}],"author":[{"embeddable":true,"href":"https:\/\/www.europesays.com\/pt\/wp-json\/wp\/v2\/users\/2"}],"replies":[{"embeddable":true,"href":"https:\/\/www.europesays.com\/pt\/wp-json\/wp\/v2\/comments?post=161090"}],"version-history":[{"count":0,"href":"https:\/\/www.europesays.com\/pt\/wp-json\/wp\/v2\/posts\/161090\/revisions"}],"wp:featuredmedia":[{"embeddable":true,"href":"https:\/\/www.europesays.com\/pt\/wp-json\/wp\/v2\/media\/161091"}],"wp:attachment":[{"href":"https:\/\/www.europesays.com\/pt\/wp-json\/wp\/v2\/media?parent=161090"}],"wp:term":[{"taxonomy":"category","embeddable":true,"href":"https:\/\/www.europesays.com\/pt\/wp-json\/wp\/v2\/categories?post=161090"},{"taxonomy":"post_tag","embeddable":true,"href":"https:\/\/www.europesays.com\/pt\/wp-json\/wp\/v2\/tags?post=161090"}],"curies":[{"name":"wp","href":"https:\/\/api.w.org\/{rel}","templated":true}]}}