{"id":161094,"date":"2025-11-22T12:29:20","date_gmt":"2025-11-22T12:29:20","guid":{"rendered":"https:\/\/www.europesays.com\/pt\/161094\/"},"modified":"2025-11-22T12:29:20","modified_gmt":"2025-11-22T12:29:20","slug":"casa-dos-segredos-quem-chega-a-final-ex-concorrente-preve-finalistas-pedro-leandro-e","status":"publish","type":"post","link":"https:\/\/www.europesays.com\/pt\/161094\/","title":{"rendered":"Casa dos Segredos &#8211; Quem chega \u00e0 final? Ex-concorrente prev\u00ea finalistas: &#8220;Pedro, Leandro e&#8230;&#8221;"},"content":{"rendered":"<p>Durante uma sess\u00e3o de perguntas e respostas no Instagram, <strong>Vera<\/strong>, ex-concorrente da <strong>Casa dos Segredos<\/strong>, revelou os cinco colegas que quer ver na final do programa.<\/p>\n<p><strong>&#8220;Quem \u00e9 que tu queres que sejam os finalistas e quem \u00e9 que achas que v\u00e3o ser?&#8221;<\/strong>, perguntou o seguidor. <strong>&#8220;Pedro, Leandro, Marisa Susana, Liliana e F\u00e1bio&#8221;<\/strong>, respondeu a nortenha.<\/p>\n<blockquote>\n<p>Leia mais: Casa dos Segredos &#8211; <a href=\"https:\/\/www.novagente.pt\/casa-dos-segredos-vera-faz-revelacao-surpreendente-tinha-batido-mais-vezes\" rel=\"nofollow noopener\" target=\"_blank\">Vera faz revela\u00e7\u00e3o surpreendente: &#8220;Tinha batido mais vezes&#8230;&#8221;<\/a><\/p>\n<\/blockquote>\n<p>Sandro critica Cristina Ferreira<\/p>\n<p>Texto: Lu\u00eds Sigorro; Fotos: Impala\/Redes sociais<\/p>\n<p class=\"intagram-text\">Siga a Nova Gente no Instagram<\/p>\n<p>                        <a href=\"https:\/\/www.instagram.com\/revistanovagente\/\" target=\"_blank\" aria-label=\"instagram\" rel=\"noopener nofollow\"><img decoding=\"async\" style=\"display: block; margin-left: auto; margin-right: auto; width: 250px; height: 83px;\" src=\"https:\/\/www.europesays.com\/pt\/wp-content\/uploads\/2025\/11\/Instagram_NG.png\" alt=\"instagram\"\/><\/a><br \/>\n                    <script async src=\"\/\/www.instagram.com\/embed.js\"><\/script><\/p>\n","protected":false},"excerpt":{"rendered":"Durante uma sess\u00e3o de perguntas e respostas no Instagram, Vera, ex-concorrente da Casa dos Segredos, revelou os cinco&hellip;\n","protected":false},"author":2,"featured_media":161095,"comment_status":"","ping_status":"","sticky":false,"template":"","format":"standard","meta":{"footnotes":""},"categories":[142],"tags":[2632,114,115,19082,12397,19016,19153,21416,32,33,151,11841],"class_list":{"0":"post-161094","1":"post","2":"type-post","3":"status-publish","4":"format-standard","5":"has-post-thumbnail","7":"category-tv","8":"tag-casa-dos-segredos","9":"tag-entertainment","10":"tag-entretenimento","11":"tag-fabio","12":"tag-leandro","13":"tag-liliana","14":"tag-marisa-susana","15":"tag-pedro-jorge","16":"tag-portugal","17":"tag-pt","18":"tag-tv","19":"tag-vera"},"share_on_mastodon":{"url":"https:\/\/pubeurope.com\/@pt\/115593358083871787","error":""},"_links":{"self":[{"href":"https:\/\/www.europesays.com\/pt\/wp-json\/wp\/v2\/posts\/161094","targetHints":{"allow":["GET"]}}],"collection":[{"href":"https:\/\/www.europesays.com\/pt\/wp-json\/wp\/v2\/posts"}],"about":[{"href":"https:\/\/www.europesays.com\/pt\/wp-json\/wp\/v2\/types\/post"}],"author":[{"embeddable":true,"href":"https:\/\/www.europesays.com\/pt\/wp-json\/wp\/v2\/users\/2"}],"replies":[{"embeddable":true,"href":"https:\/\/www.europesays.com\/pt\/wp-json\/wp\/v2\/comments?post=161094"}],"version-history":[{"count":0,"href":"https:\/\/www.europesays.com\/pt\/wp-json\/wp\/v2\/posts\/161094\/revisions"}],"wp:featuredmedia":[{"embeddable":true,"href":"https:\/\/www.europesays.com\/pt\/wp-json\/wp\/v2\/media\/161095"}],"wp:attachment":[{"href":"https:\/\/www.europesays.com\/pt\/wp-json\/wp\/v2\/media?parent=161094"}],"wp:term":[{"taxonomy":"category","embeddable":true,"href":"https:\/\/www.europesays.com\/pt\/wp-json\/wp\/v2\/categories?post=161094"},{"taxonomy":"post_tag","embeddable":true,"href":"https:\/\/www.europesays.com\/pt\/wp-json\/wp\/v2\/tags?post=161094"}],"curies":[{"name":"wp","href":"https:\/\/api.w.org\/{rel}","templated":true}]}}