{"id":161096,"date":"2025-11-22T12:30:11","date_gmt":"2025-11-22T12:30:11","guid":{"rendered":"https:\/\/www.europesays.com\/pt\/161096\/"},"modified":"2025-11-22T12:30:11","modified_gmt":"2025-11-22T12:30:11","slug":"nos-nao-vamos-desistir-da-nossa-nacao-diz-michelle","status":"publish","type":"post","link":"https:\/\/www.europesays.com\/pt\/161096\/","title":{"rendered":"\u2018Nos n\u00e3o vamos desistir da nossa na\u00e7\u00e3o\u2019, diz Michelle"},"content":{"rendered":"<p>A ex-primeira-dama ainda disse confiar na \u201cjusti\u00e7a de Deus, j\u00e1 que a justi\u00e7a humana n\u00e3o se sustenta\u201d.<\/p>\n<p>                    Wilton Junior\/Estad\u00e3o Conte\u00fado<\/p>\n<p>                                            <img decoding=\"async\" class=\"img-responsive type:primaryImage\" src=\"https:\/\/www.europesays.com\/pt\/wp-content\/uploads\/2025\/11\/age20250606007-735x450.jpg\" alt=\"A ex-primeira-dama e presidente do PL Mulher (Partido Liberal), Michelle Bolsonaro, e o ex-presidente da Rep\u00fablica, Jair Messias Bolsonaro, durante abertura do &quot;Encontro Nacional de Mandat\u00e1rios do Partido Liberal-PL&quot;,\" id=\"zoom-img\"\/><br \/>\n                                        DF &#8211; TRAMA GOLPISTA\/STF\/A\u00c7\u00c3O PENAL\/JULGAMENTO\/BOLSONARO &#8211; POL\u00cdTICA &#8211; A ex-primeira-dama e presidente do PL Mulher (Partido Liberal), Michelle   Bolsonaro, e o ex-presidente da Rep\u00fablica, Jair Messias Bolsonaro, durante   abertura do &#8220;Encontro Nacional de Mandat\u00e1rios do Partido Liberal-PL&#8221;, realizado no   CICB (Centro Internacional de Conven\u00e7\u00f5es do Brasil), em Bras\u00edlia, na manh\u00e3 desta   sexta-feira, 06. Bolsonaro convocou os apoiadores a assistirem o depoimento que   ele vai prestar ao ministro do Supremo Tribunal Federal (STF) Alexandre de Moraes   na pr\u00f3xima semana. Ele afirmou que &#8220;valer\u00e1 a pena&#8221; assistir e que &#8220;n\u00e3o vai   lacrar&#8221; diante do ministro.   06\/06\/2025 <\/p>\n<p>A ex-primeira-dama Michelle Bolsonaro se manifestou, por meio de seus perfis nas redes sociais, sobre a pris\u00e3o preventiva do marido, o ex-presidente Jair Bolsonaro. \u2018Nos n\u00e3o vamos desistir da nossa na\u00e7\u00e3o\u2019, escreveu Michelle.<\/p>\n<p>A ex-primeira-dama ainda disse confiar na \u201cjusti\u00e7a de Deus, j\u00e1 que a justi\u00e7a humana n\u00e3o se sustenta\u201d. Tamb\u00e9m relembrou a facada sofrida por Bolsonaro em 2018. \u201cEle [Bolsonaro] \u00e9 forte. Ele \u00e9 grande. Eu a amo muito\u201d, disse.<\/p>\n<p>A pris\u00e3o do ex-presidente foi motivada por \u201cgarantia da ordem p\u00fablica\u201d, segundo a PF. O filho mais velho de Bolsonaro, Flavio, havia marcado uma vig\u00edlia na frente do condom\u00ednio do capit\u00e3o da reserva para a noite deste s\u00e1bado.<\/p>\n<p>Bolsonaro foi levado para a Superintend\u00eancia da Pol\u00edcia Federal, onde ficar\u00e1 em uma sala de Estado, espa\u00e7o reservado para autoridades como presidentes da Rep\u00fablica e outras altas figuras p\u00fablicas. O presidente Luiz In\u00e1cio Lula da Silva e o ex-presidente Michel Temer tamb\u00e9m ficaram detidos em salas da PF<\/p>\n<p>A decis\u00e3o ainda n\u00e3o marca o in\u00edcio do cumprimento da pena de reclus\u00e3o.<\/p>\n<p>Em nota, a Pol\u00edcia Federal informou que cumpriu um mandado de pris\u00e3o preventiva expedido pelo STF.<\/p>\n<p>Em 11 de setembro, por 4 votos a 1, os ministros do\u00a0<strong><a href=\"http:\/\/jovempan.com.br\/tag\/stf\" rel=\"nofollow noopener\" target=\"_blank\">Supremo Tribunal Federal (STF)<\/a>\u00a0<\/strong>condenaram o<strong><a href=\"http:\/\/jovempan.com.br\/tag\/bolsonaro\" rel=\"nofollow noopener\" target=\"_blank\">\u00a0ex-presidente Jair Bolsonaro<\/a><\/strong> e sete aliados pelos crimes de organiza\u00e7\u00e3o criminosa armada, tentativa de aboli\u00e7\u00e3o violenta do Estado Democr\u00e1tico de Direito, golpe de Estado, dano qualificado por viol\u00eancia e grave amea\u00e7a e deteriora\u00e7\u00e3o de patrim\u00f4nio tombado.<\/p>\n<p>A maioria dos r\u00e9us foi condenada a mais de 20 anos de pris\u00e3o em regime fechado. Apesar da defini\u00e7\u00e3o do tempo de condena\u00e7\u00e3o, Bolsonaro e os demais n\u00e3o v\u00e3o ser presos imediatamente. Eles ainda podem recorrer da decis\u00e3o e tentar reverter as condena\u00e7\u00f5es. Somente se os eventuais recursos forem rejeitados, as pris\u00f5es poder\u00e3o ser efetivadas.<\/p>\n<p>Na \u00faltima sexta-feira (21), a defesa do ex-presidente havia pedido a\u00a0<a href=\"http:\/\/jovempan.com.br\/tag\/alexandre-de-moraes\" rel=\"nofollow noopener\" target=\"_blank\"><strong>Moraes<\/strong><\/a>,\u00a0que o capit\u00e3o cumpra a sua pena de 27 anos e tr\u00eas meses em casa. Os advogados argumentam que ele n\u00e3o teria condi\u00e7\u00f5es f\u00edsicas de ser encaminhado a um pres\u00eddio comum, e que isso apresentaria risco a sua vida. \u201cA situa\u00e7\u00e3o de sa\u00fade do Peticion\u00e1rio j\u00e1 se encontra profundamente debilitada\u201d, diz o texto. Tamb\u00e9m, no mesmo requerimento, a defesa avisa que pretende recorrer utilizando embargos infringentes ao STF sobre a condena\u00e7\u00e3o do ex-presidente.<\/p>\n","protected":false},"excerpt":{"rendered":"A ex-primeira-dama ainda disse confiar na \u201cjusti\u00e7a de Deus, j\u00e1 que a justi\u00e7a humana n\u00e3o se sustenta\u201d. Wilton&hellip;\n","protected":false},"author":2,"featured_media":161097,"comment_status":"","ping_status":"","sticky":false,"template":"","format":"standard","meta":{"footnotes":""},"categories":[141],"tags":[114,115,149,150,32,33],"class_list":{"0":"post-161096","1":"post","2":"type-post","3":"status-publish","4":"format-standard","5":"has-post-thumbnail","7":"category-musica","8":"tag-entertainment","9":"tag-entretenimento","10":"tag-music","11":"tag-musica","12":"tag-portugal","13":"tag-pt"},"share_on_mastodon":{"url":"https:\/\/pubeurope.com\/@pt\/115593361975164432","error":""},"_links":{"self":[{"href":"https:\/\/www.europesays.com\/pt\/wp-json\/wp\/v2\/posts\/161096","targetHints":{"allow":["GET"]}}],"collection":[{"href":"https:\/\/www.europesays.com\/pt\/wp-json\/wp\/v2\/posts"}],"about":[{"href":"https:\/\/www.europesays.com\/pt\/wp-json\/wp\/v2\/types\/post"}],"author":[{"embeddable":true,"href":"https:\/\/www.europesays.com\/pt\/wp-json\/wp\/v2\/users\/2"}],"replies":[{"embeddable":true,"href":"https:\/\/www.europesays.com\/pt\/wp-json\/wp\/v2\/comments?post=161096"}],"version-history":[{"count":0,"href":"https:\/\/www.europesays.com\/pt\/wp-json\/wp\/v2\/posts\/161096\/revisions"}],"wp:featuredmedia":[{"embeddable":true,"href":"https:\/\/www.europesays.com\/pt\/wp-json\/wp\/v2\/media\/161097"}],"wp:attachment":[{"href":"https:\/\/www.europesays.com\/pt\/wp-json\/wp\/v2\/media?parent=161096"}],"wp:term":[{"taxonomy":"category","embeddable":true,"href":"https:\/\/www.europesays.com\/pt\/wp-json\/wp\/v2\/categories?post=161096"},{"taxonomy":"post_tag","embeddable":true,"href":"https:\/\/www.europesays.com\/pt\/wp-json\/wp\/v2\/tags?post=161096"}],"curies":[{"name":"wp","href":"https:\/\/api.w.org\/{rel}","templated":true}]}}