{"id":161100,"date":"2025-11-22T12:32:11","date_gmt":"2025-11-22T12:32:11","guid":{"rendered":"https:\/\/www.europesays.com\/pt\/161100\/"},"modified":"2025-11-22T12:32:11","modified_gmt":"2025-11-22T12:32:11","slug":"o-novo-menino-bonito-do-benfica-comecou-no-fc-porto-e-nao-traiu-mourinho","status":"publish","type":"post","link":"https:\/\/www.europesays.com\/pt\/161100\/","title":{"rendered":"O novo menino bonito do Benfica come\u00e7ou no FC Porto e n\u00e3o traiu Mourinho"},"content":{"rendered":"<blockquote>\n<p style=\"margin-bottom:11px\"><strong>\u00abRelativamente ao R\u00eago eu sabia uma coisa: n\u00e3o podia antecipar se faria um grande jogo ou se teria muita qualidade no seu jogo, mas sabia que n\u00e3o me iria trair. E eu n\u00e3o gosto de jogadores que me traem. Quando digo traem, \u00e9 no sentido de n\u00e3o darem o que podem dar e n\u00e3o jogarem nos seus limites. O R\u00eago eu sabia que n\u00e3o o ia fazer: faz um jogo muito positivo e equilibrado. Era um dos dois que eu n\u00e3o tirava ao intervalo.\u00bb<\/strong><\/p>\n<\/blockquote>\n<p>Jos\u00e9 Mourinho <a href=\"https:\/\/maisfutebol.iol.pt\/benfica\/atletico\/sabia-que-o-rodrigo-rego-nao-me-ia-trair-nao-gosto-de-jogadores-que-me-traem\" target=\"_blank\" rel=\"nofollow noopener\"><strong>ficou rendido \u00e0 exibi\u00e7\u00e3o de Rodrigo R\u00eago na estreia pelo Benfica<\/strong><\/a>. De resto, o treinador dos encarnados confessou mesmo que s\u00f3 o jovem extremo e Nicol\u00e1s Otamendi n\u00e3o mereciam ser substitu\u00eddos ao intervalo, diante do Atl\u00e9tico CP.<\/p>\n<p>R\u00eago nunca tinha sido chamado \u00e0 equipa principal e Mourinho surpreendeu ao entregar-lhe a titularidade. O jovem de 20 anos correspondeu com uma exibi\u00e7\u00e3o destemida e segura, sobretudo nos primeiros 45 minutos, quando fez todo o corredor esquerdo. Essa \u00e9 uma fun\u00e7\u00e3o que N\u00e9lson Ver\u00edssimo tem pedido ao jovem na equipa B dos encarnados, que tamb\u00e9m tem atuado com tr\u00eas centrais.<\/p>\n<p>No entanto, na segunda parte, R\u00eago foi colocado no papel de extremo-direito e tamb\u00e9m mostrou bons pormenores, quer no drible, quer na tomada de decis\u00e3o.<\/p>\n<p>Os n\u00fameros do <strong>SofaScore<\/strong>, parceiro do <strong>Maisfutebol<\/strong>, mostram que o jovem extremo fez uma exibi\u00e7\u00e3o s\u00f3lida. Destacam-se as cinco tentativas de remate e a precis\u00e3o no passe.<img decoding=\"async\" alt=\"\" src=\"https:\/\/www.europesays.com\/pt\/wp-content\/uploads\/2025\/11\/69218ff9d34e3caad84b9115.webp\"\/><\/p>\n<p> <strong>Uma carreira que come\u00e7ou\u2026 no FC Porto<\/strong> <\/p>\n<p>Depois de ser pouco utilizado nas primeiras jornadas da equipa B, Rodrigo R\u00eago come\u00e7ou a ganhar espa\u00e7o na II Liga, mas nem \u00e9 um dos nomes frequentemente apontados ao estrelato \u2013 como Gon\u00e7alo Moreira, por exemplo, que at\u00e9 \u00e9 mais novo.<\/p>\n<p>Natural de Aveiro, R\u00eago come\u00e7ou a forma\u00e7\u00e3o no FC Porto e ainda passou pelo Gafanha. Em 2021, saiu em definitivo dos drag\u00f5es e mudou-se para o Famalic\u00e3o. No Minho, esteve apenas uma \u00e9poca. Saiu logo para o Seixal, integrando a equipa de juniores do Benfica. Foi dividindo o tempo de jogo entre os sub-19 e os sub-23, tendo atingido o ponto alto na temporada passada, com 11 golos em 27 jogos na equipa que alinha na Liga Revela\u00e7\u00e3o.<\/p>\n<p>Internacional sub-17, Rodrigo R\u00eago dever\u00e1 continuar debaixo do olho de Mourinho e o pr\u00f3ximo teste de fogo poder\u00e1 passar j\u00e1 por Amesterd\u00e3o, na pr\u00f3xima ter\u00e7a-feira.<\/p>\n","protected":false},"excerpt":{"rendered":"\u00abRelativamente ao R\u00eago eu sabia uma coisa: n\u00e3o podia antecipar se faria um grande jogo ou se teria&hellip;\n","protected":false},"author":2,"featured_media":161101,"comment_status":"","ping_status":"","sticky":false,"template":"","format":"standard","meta":{"footnotes":""},"categories":[87],"tags":[51,135,5879,282,736,1385,46,32,33,47,34221,34197,134],"class_list":{"0":"post-161100","1":"post","2":"type-post","3":"status-publish","4":"format-standard","5":"has-post-thumbnail","7":"category-desporto","8":"tag-benfica","9":"tag-desporto","10":"tag-famalicao","11":"tag-fc-porto","12":"tag-historia","13":"tag-jose-mourinho","14":"tag-maisfutebol","15":"tag-portugal","16":"tag-pt","17":"tag-pura-paixao","18":"tag-rego","19":"tag-rodrigo-rego","20":"tag-sports"},"share_on_mastodon":{"url":"https:\/\/pubeurope.com\/@pt\/115593369639363259","error":""},"_links":{"self":[{"href":"https:\/\/www.europesays.com\/pt\/wp-json\/wp\/v2\/posts\/161100","targetHints":{"allow":["GET"]}}],"collection":[{"href":"https:\/\/www.europesays.com\/pt\/wp-json\/wp\/v2\/posts"}],"about":[{"href":"https:\/\/www.europesays.com\/pt\/wp-json\/wp\/v2\/types\/post"}],"author":[{"embeddable":true,"href":"https:\/\/www.europesays.com\/pt\/wp-json\/wp\/v2\/users\/2"}],"replies":[{"embeddable":true,"href":"https:\/\/www.europesays.com\/pt\/wp-json\/wp\/v2\/comments?post=161100"}],"version-history":[{"count":0,"href":"https:\/\/www.europesays.com\/pt\/wp-json\/wp\/v2\/posts\/161100\/revisions"}],"wp:featuredmedia":[{"embeddable":true,"href":"https:\/\/www.europesays.com\/pt\/wp-json\/wp\/v2\/media\/161101"}],"wp:attachment":[{"href":"https:\/\/www.europesays.com\/pt\/wp-json\/wp\/v2\/media?parent=161100"}],"wp:term":[{"taxonomy":"category","embeddable":true,"href":"https:\/\/www.europesays.com\/pt\/wp-json\/wp\/v2\/categories?post=161100"},{"taxonomy":"post_tag","embeddable":true,"href":"https:\/\/www.europesays.com\/pt\/wp-json\/wp\/v2\/tags?post=161100"}],"curies":[{"name":"wp","href":"https:\/\/api.w.org\/{rel}","templated":true}]}}