{"id":161105,"date":"2025-11-22T12:37:28","date_gmt":"2025-11-22T12:37:28","guid":{"rendered":"https:\/\/www.europesays.com\/pt\/161105\/"},"modified":"2025-11-22T12:37:28","modified_gmt":"2025-11-22T12:37:28","slug":"rei-sem-herdeiro-ha-11-anos-messi-impos-recorde-que-so-cr7-ameacou","status":"publish","type":"post","link":"https:\/\/www.europesays.com\/pt\/161105\/","title":{"rendered":"Rei sem herdeiro. H\u00e1 11 anos, Messi imp\u00f4s recorde que s\u00f3 CR7 amea\u00e7ou"},"content":{"rendered":"<p>Est\u00e1vamos a 22 de novembro de 2014 quando Lionel Messi fazia o que muitos consideravam impens\u00e1vel, ao quebrar o recorde de n\u00famero de golos marcados em La Liga, que, desde 1955, pertencia a Telmo Zarra, &#8216;lenda&#8217; dao Athletic Bilbao.<\/p>\n<p>O internacional argentino assinou um hattrick, no categ\u00f3rico triunfo conquistado pelo &#8216;seu&#8217; Barcelona, na rece\u00e7\u00e3o ao Sevilla, por 5-1, alcan\u00e7ando, desta maneira, os 253 golos marcados no principal escal\u00e3o do futebol espanhol. Uma marca que haveria de ampliar, para 474, antes de partir rumo ao Paris Saint-Germain, em 2021.<\/p>\n<p>S\u00f3 houve, de resto, um homem capaz de &#8216;fazer tremer&#8217; La Pulga. Falamos, claro est\u00e1, de Cristiano Ronaldo, que se despediu do pa\u00eds vizinho com 311 remates certeiros, menos 163 do que o &#8216;eterno rival&#8217;&#8230; mas tamb\u00e9m com menos 228 jogos disputados.<\/p>\n<p>Percorra a fotogaleria e conhe\u00e7a os dez melhor marcadores de sempre, em La Liga.<\/p>\n<p>Leia Tamb\u00e9m: <a href=\"https:\/\/www.noticiasaominuto.com\/desporto\/2873349\/messi-da-mais-um-recital-obviamente-e-o-melhor-jogador-de-sempre\" target=\"_blank\" rel=\"noopener noreferrer nofollow\">Messi d\u00e1 (mais um) &#8216;recital&#8217;: &#8220;Obviamente, \u00e9 o melhor jogador de sempre&#8221;<\/a><\/p>\n","protected":false},"excerpt":{"rendered":"Est\u00e1vamos a 22 de novembro de 2014 quando Lionel Messi fazia o que muitos consideravam impens\u00e1vel, ao quebrar&hellip;\n","protected":false},"author":2,"featured_media":161106,"comment_status":"","ping_status":"","sticky":false,"template":"","format":"standard","meta":{"footnotes":""},"categories":[50],"tags":[27,28,15,16,14,25,26,21,22,62,12,13,19,20,23,24,17,18,29,30,31,63,64,65],"class_list":{"0":"post-161105","1":"post","2":"type-post","3":"status-publish","4":"format-standard","5":"has-post-thumbnail","7":"category-mundo","8":"tag-breaking-news","9":"tag-breakingnews","10":"tag-featured-news","11":"tag-featurednews","12":"tag-headlines","13":"tag-latest-news","14":"tag-latestnews","15":"tag-main-news","16":"tag-mainnews","17":"tag-mundo","18":"tag-news","19":"tag-noticias","20":"tag-noticias-principais","21":"tag-noticiasprincipais","22":"tag-principais-noticias","23":"tag-principaisnoticias","24":"tag-top-stories","25":"tag-topstories","26":"tag-ultimas","27":"tag-ultimas-noticias","28":"tag-ultimasnoticias","29":"tag-world","30":"tag-world-news","31":"tag-worldnews"},"share_on_mastodon":{"url":"https:\/\/pubeurope.com\/@pt\/115593389209176980","error":""},"_links":{"self":[{"href":"https:\/\/www.europesays.com\/pt\/wp-json\/wp\/v2\/posts\/161105","targetHints":{"allow":["GET"]}}],"collection":[{"href":"https:\/\/www.europesays.com\/pt\/wp-json\/wp\/v2\/posts"}],"about":[{"href":"https:\/\/www.europesays.com\/pt\/wp-json\/wp\/v2\/types\/post"}],"author":[{"embeddable":true,"href":"https:\/\/www.europesays.com\/pt\/wp-json\/wp\/v2\/users\/2"}],"replies":[{"embeddable":true,"href":"https:\/\/www.europesays.com\/pt\/wp-json\/wp\/v2\/comments?post=161105"}],"version-history":[{"count":0,"href":"https:\/\/www.europesays.com\/pt\/wp-json\/wp\/v2\/posts\/161105\/revisions"}],"wp:featuredmedia":[{"embeddable":true,"href":"https:\/\/www.europesays.com\/pt\/wp-json\/wp\/v2\/media\/161106"}],"wp:attachment":[{"href":"https:\/\/www.europesays.com\/pt\/wp-json\/wp\/v2\/media?parent=161105"}],"wp:term":[{"taxonomy":"category","embeddable":true,"href":"https:\/\/www.europesays.com\/pt\/wp-json\/wp\/v2\/categories?post=161105"},{"taxonomy":"post_tag","embeddable":true,"href":"https:\/\/www.europesays.com\/pt\/wp-json\/wp\/v2\/tags?post=161105"}],"curies":[{"name":"wp","href":"https:\/\/api.w.org\/{rel}","templated":true}]}}