{"id":161118,"date":"2025-11-22T12:50:27","date_gmt":"2025-11-22T12:50:27","guid":{"rendered":"https:\/\/www.europesays.com\/pt\/161118\/"},"modified":"2025-11-22T12:50:27","modified_gmt":"2025-11-22T12:50:27","slug":"rainha-sofia-condecorada-nos-50-anos-da-monarquia-espanhola-observador","status":"publish","type":"post","link":"https:\/\/www.europesays.com\/pt\/161118\/","title":{"rendered":"Rainha Sofia condecorada nos 50 anos da monarquia espanhola \u2013 Observador"},"content":{"rendered":"<p>Antes de entregar a condecora\u00e7\u00e3o, o Rei Felipe VI fez um discurso em que lembrou \u201cum tempo em que a Espanha se abriu ao di\u00e1logo como caminho para a constru\u00e7\u00e3o da conviv\u00eancia democr\u00e1tica\u201d, frisando a import\u00e2ncia da mem\u00f3ria. \u201c\u00c9 muito importante recordar, porque aqueles de n\u00f3s que \u00e9ramos muito jovens ent\u00e3o \u2014 eu tinha apenas sete anos \u2014 vimos como o pa\u00eds se come\u00e7ou a transformar pouco a pouco,<strong> gra\u00e7as a decis\u00f5es respons\u00e1veis \u200b\u200be gestos corajosos, a concess\u00f5es de todos os lados<\/strong>. Mas talvez as gera\u00e7\u00f5es nascidas numa democracia consolidada n\u00e3o compreendam totalmente <strong>tudo o que foi necess\u00e1rio para moldar essa conviv\u00eancia<\/strong>, para canalizar esse desejo de liberdade \u2018sem raiva\u2019 e para se tornar parte da Europa democr\u00e1tica\u201d, destacou o Rei de Espanha, <a href=\"https:\/\/observador.pt\/2025\/10\/30\/da-infancia-em-portugal-e-transicao-de-regime-a-fria-diana-e-ao-erro-com-corinna-as-memorias-do-chefe-juan-carlos\/\" target=\"_blank\" rel=\"noopener nofollow\">no que parece ser uma forma de valorizar o trabalho do pai durante o seu longo per\u00edodo no trono espanhol, apesar dos recentes elogios a Franco no livro de mem\u00f3rias lan\u00e7ado no in\u00edcio do m\u00eas.<\/a><\/p>\n<p>Felipe VI terminou o discurso a homenagear a Rainha em\u00e9rita. \u201cE \u00e0 minha m\u00e3e, a Rainha Sofia, por <strong>uma vida inteira de servi\u00e7o exemplar e lealdade \u00e0 Espanha e \u00e0 Coroa<\/strong>, a apoiar de todo o cora\u00e7\u00e3o o Rei Juan Carlos no seu s\u00e1bio e precoce compromisso com a abertura democr\u00e1tica e as liberdades. Agrade\u00e7o-lhe pelo seu compromisso constante ao longo de d\u00e9cadas \u2013 <strong>ainda hoje<\/strong> \u2013 exercido com um profundo senso de dever. A sua acessibilidade e envolvimento nas esferas social, cultural e humanit\u00e1ria ajudaram a fortalecer la\u00e7os duradouros com v\u00e1rias gera\u00e7\u00f5es de espanh\u00f3is. A figura da Rainha Sofia tamb\u00e9m faz parte da mem\u00f3ria coletiva da Espanha democr\u00e1tica.\u201d<\/p>\n<p>Na cerim\u00f3nia receberam tamb\u00e9m a mesma condecora\u00e7\u00e3o o ex-primeiro-ministro Felipe Gonz\u00e1lez e dois dos \u201cpais da Constitui\u00e7\u00e3o\u201d de Espanha, Miquel Roca e Miguel Herrero y Rodr\u00edguez de Mi\u00f1\u00f3n. Ainda esta sexta-feira est\u00e1 prevista outra iniciativa no parlamento espanhol com o t\u00edtulo \u201c50 anos depois: a Coroa no tr\u00e2nsito para a democracia\u201d, a que assistir\u00e3o os atuais Reis e as filhas.<\/p>\n<p>A Ordem do Tos\u00e3o de Ouro foi criada em 1429 por Felipe III, o duque da Borgonha, por ocasi\u00e3o de seu casamento com Isabel de Portugal. Passou atrav\u00e9s do casamento da duquesa Maria com o Imperador Maximiliano para o seu neto, Carlos I de Espanha, o Imperador Carlos V. Desde ent\u00e3o, os Reis de Espanha t\u00eam sido os soberanos e Gr\u00e3o-Mestres da Ordem, que foi concedida \u00e0 princesa Leonor em 2018, quando a herdeira ao trono espanhol tinha 13 anos.<\/p>\n","protected":false},"excerpt":{"rendered":"Antes de entregar a condecora\u00e7\u00e3o, o Rei Felipe VI fez um discurso em que lembrou \u201cum tempo em&hellip;\n","protected":false},"author":2,"featured_media":161119,"comment_status":"","ping_status":"","sticky":false,"template":"","format":"standard","meta":{"footnotes":""},"categories":[85],"tags":[6516,211,114,115,640,445,186,62,32,33],"class_list":{"0":"post-161118","1":"post","2":"type-post","3":"status-publish","4":"format-standard","5":"has-post-thumbnail","7":"category-entretenimento","8":"tag-casas-reais","9":"tag-celebridades","10":"tag-entertainment","11":"tag-entretenimento","12":"tag-espanha","13":"tag-europa","14":"tag-lifestyle","15":"tag-mundo","16":"tag-portugal","17":"tag-pt"},"share_on_mastodon":{"url":"https:\/\/pubeurope.com\/@pt\/115593440350429550","error":""},"_links":{"self":[{"href":"https:\/\/www.europesays.com\/pt\/wp-json\/wp\/v2\/posts\/161118","targetHints":{"allow":["GET"]}}],"collection":[{"href":"https:\/\/www.europesays.com\/pt\/wp-json\/wp\/v2\/posts"}],"about":[{"href":"https:\/\/www.europesays.com\/pt\/wp-json\/wp\/v2\/types\/post"}],"author":[{"embeddable":true,"href":"https:\/\/www.europesays.com\/pt\/wp-json\/wp\/v2\/users\/2"}],"replies":[{"embeddable":true,"href":"https:\/\/www.europesays.com\/pt\/wp-json\/wp\/v2\/comments?post=161118"}],"version-history":[{"count":0,"href":"https:\/\/www.europesays.com\/pt\/wp-json\/wp\/v2\/posts\/161118\/revisions"}],"wp:featuredmedia":[{"embeddable":true,"href":"https:\/\/www.europesays.com\/pt\/wp-json\/wp\/v2\/media\/161119"}],"wp:attachment":[{"href":"https:\/\/www.europesays.com\/pt\/wp-json\/wp\/v2\/media?parent=161118"}],"wp:term":[{"taxonomy":"category","embeddable":true,"href":"https:\/\/www.europesays.com\/pt\/wp-json\/wp\/v2\/categories?post=161118"},{"taxonomy":"post_tag","embeddable":true,"href":"https:\/\/www.europesays.com\/pt\/wp-json\/wp\/v2\/tags?post=161118"}],"curies":[{"name":"wp","href":"https:\/\/api.w.org\/{rel}","templated":true}]}}