{"id":161135,"date":"2025-11-22T13:10:13","date_gmt":"2025-11-22T13:10:13","guid":{"rendered":"https:\/\/www.europesays.com\/pt\/161135\/"},"modified":"2025-11-22T13:10:13","modified_gmt":"2025-11-22T13:10:13","slug":"filha-de-bruce-willis-da-atualizacao-comovente-sobre-estado-de-saude-do-pai-apos-diagnostico-de-demencia-assista","status":"publish","type":"post","link":"https:\/\/www.europesays.com\/pt\/161135\/","title":{"rendered":"Filha de Bruce Willis d\u00e1 atualiza\u00e7\u00e3o comovente sobre estado de sa\u00fade do pai ap\u00f3s diagn\u00f3stico de dem\u00eancia; assista"},"content":{"rendered":"<p>                                Ler resumo <\/p>\n<p>Rumer Willis contou nas redes que Bruce est\u00e1 \u201cbem dentro do poss\u00edvel\u201d, apesar da dem\u00eancia frontotemporal, e que \u00e0s vezes n\u00e3o a reconhece. Ela destacou a conex\u00e3o afetiva entre eles.<\/p>\n<p>A filha de <a href=\"https:\/\/hugogloss.uol.com.br\/tag\/bruce-willis\" target=\"_blank\" rel=\"noopener nofollow\">Bruce Willis<\/a> emocionou os f\u00e3s ao atualizar o quadro de sa\u00fade do ator. Em uma s\u00e9rie de stories nesta sexta-feira (21), Rumer contou que seu pai est\u00e1 \u201cbem\u201d na medida do poss\u00edvel, mas nem sempre consegue reconhec\u00ea-la. O astro de \u201cO Sexto Sentido\u201d foi diagnosticado com dem\u00eancia frontotemporal (DFT) e se afastou de Hollywood desde ent\u00e3o.<\/p>\n<p>Questionada pelos seguidores sobre a sa\u00fade de seu pai, Rumer explicou que essa \u00e9 \u201cuma pergunta dif\u00edcil de responder\u201d, porque \u201cningu\u00e9m com DFT est\u00e1 bem\u201d. Ainda assim, ela contou que Bruce \u201cest\u00e1 bem, considerando que est\u00e1 lidando com dem\u00eancia frontotemporal\u201d, e refor\u00e7ou que, apesar dos impactos da doen\u00e7a, segue sentindo uma conex\u00e3o com ele.<\/p>\n<p>\u201cSou muito feliz e grata por ainda poder ir l\u00e1 e abra\u00e7\u00e1-lo. Mesmo que ele n\u00e3o me reconhe\u00e7a, ele pode sentir o amor que lhe dei e eu posso senti-lo em troca\u201d, disse. A atriz contou que ainda v\u00ea \u201cuma fa\u00edsca dele\u201d e falou sobre a import\u00e2ncia de poder levar a filha, Louetta, de dois anos, para visit\u00e1-lo.<\/p>\n<p> Continua depois da Publicidade <\/p>\n<p>Segundo Rumer, os par\u00e2metros \u201ctradicionais de bem-estar\u201d j\u00e1 n\u00e3o se aplicam. Em junho, quando se \u00e9 comemorado o Dia dos Pais nos Estados Unidos, ela j\u00e1 havia desabafado sobre a dor de n\u00e3o conseguir se conectar da mesma forma que antes do diagn\u00f3stico. Na \u00e9poca, a artista disse que gostaria de ter feito mais perguntas enquanto ele \u201cainda podia contar tudo\u201d.<\/p>\n<p><strong>Assista:<\/strong><\/p>\n<blockquote class=\"twitter-tweet\" data-media-max-width=\"560\">\n<p dir=\"ltr\" lang=\"pt\">Filha de Bruce Willis atualiza estado de sa\u00fade do ator <a href=\"https:\/\/t.co\/urDRz1u3ic\" rel=\"nofollow\">pic.twitter.com\/urDRz1u3ic<\/a><\/p>\n<p>\u2014 WWLBD \u270c\ud83c\udffb (@whatwouldlbdo) <a href=\"https:\/\/twitter.com\/whatwouldlbdo\/status\/1991954397568680429?ref_src=twsrc%5Etfw\" rel=\"nofollow noopener\" target=\"_blank\">November 21, 2025<\/a><\/p>\n<\/blockquote>\n<p><strong>O diagn\u00f3stico<\/strong><\/p>\n<p>Bruce Willis parou de atuar em 2022, quando recebeu o diagn\u00f3stico da doen\u00e7a que causou a deteriora\u00e7\u00e3o de suas habilidades lingu\u00edsticas. Em fevereiro de 2023, a fam\u00edlia revelou a situa\u00e7\u00e3o do ator em uma declara\u00e7\u00e3o conjunta. \u201cDesde que anunciamos o diagn\u00f3stico de afasia de Bruce na primavera de 2022, a condi\u00e7\u00e3o progrediu e agora temos um diagn\u00f3stico mais espec\u00edfico: dem\u00eancia frontotemporal\u201d, dizia o comunicado.<\/p>\n<p> Continua depois da Publicidade <img loading=\"lazy\" decoding=\"async\" class=\"size-medium wp-image-1075852 img-fluid lazy\" alt=\"\" width=\"617\" height=\"411\" src=\"https:\/\/www.europesays.com\/pt\/wp-content\/uploads\/2025\/11\/GettyImages-1176696780-617x411.jpg\"  \/>Bruce Willis com a atual esposa Emma Heming, a ex Demi Moore, e as\u00a0 filhas Rumer, Scout, Tallulah. A fam\u00edlia segue unida para cuidar do astro (Foto: Getty) <\/p>\n<p>\u201cInfelizmente, os desafios de comunica\u00e7\u00e3o s\u00e3o apenas um sintoma da doen\u00e7a que Bruce enfrenta. Embora isso seja doloroso, \u00e9 um al\u00edvio finalmente ter um diagn\u00f3stico claro\u201d, conclu\u00edram. Bruce \u00e9 pai de Tallulah, de 31 anos, Scout, de 34, e Rumer, de 37, frutos de seu casamento com a ex-esposa <a href=\"https:\/\/hugogloss.uol.com.br\/tag\/demi-moore\" target=\"_blank\" rel=\"noopener nofollow\">Demi Moore<\/a>. Ele tamb\u00e9m tem as filhas Mabel, de 13, e Evelyn, de 11, com a esposa <a href=\"https:\/\/hugogloss.uol.com.br\/tag\/emma-willis\" target=\"_blank\" rel=\"noopener nofollow\">Emma Heming Willis<\/a>.<\/p>\n<p>Em agosto desse ano, Emma\u00a0revelou a decis\u00e3o de transferi-lo para uma resid\u00eancia especializada, uma atitude \u201cdif\u00edcil\u201d, mas necess\u00e1ria diante da progress\u00e3o da doen\u00e7a. <a href=\"https:\/\/hugogloss.uol.com.br\/famosos\/esposa-de-bruce-willis-revela-que-nao-mora-mais-com-o-ator-e-explica-o-porque-decisao-dificil\/\" target=\"_blank\" rel=\"noopener nofollow\"><strong>Saiba os detalhes, clicando aqui.<\/strong><\/a><\/p>\n<p>                                                                    <a id=\"google-news\" class=\"google-news\" href=\"https:\/\/news.google.com\/publications\/CAAqBwgKMM6ViAswv82GAw?ceid=BR:pt-419&amp;amp;oc=3&amp;amp;hl=pt-BR&amp;amp;gl=BR\" target=\"_blank\" rel=\"nofollow noopener\"><\/p>\n<p>                                            Siga a <strong> Hugo Gloss no Google News<\/strong> e acompanhe nossos destaques<\/p>\n<p>                                    <\/a><br \/>\n                                                            <script async src=\"https:\/\/platform.twitter.com\/widgets.js\" charset=\"utf-8\"><\/script><\/p>\n","protected":false},"excerpt":{"rendered":"Ler resumo Rumer Willis contou nas redes que Bruce est\u00e1 \u201cbem dentro do poss\u00edvel\u201d, apesar da dem\u00eancia frontotemporal,&hellip;\n","protected":false},"author":2,"featured_media":161136,"comment_status":"","ping_status":"","sticky":false,"template":"","format":"standard","meta":{"footnotes":""},"categories":[145],"tags":[5707,211,210,2041,5673,114,115,32,33,34222],"class_list":{"0":"post-161135","1":"post","2":"type-post","3":"status-publish","4":"format-standard","5":"has-post-thumbnail","7":"category-celebridades","8":"tag-bruce-willis","9":"tag-celebridades","10":"tag-celebrities","11":"tag-demencia","12":"tag-demencia-frontotemporal","13":"tag-entertainment","14":"tag-entretenimento","15":"tag-portugal","16":"tag-pt","17":"tag-rumer-willis"},"share_on_mastodon":{"url":"https:\/\/pubeurope.com\/@pt\/115593519245378577","error":""},"_links":{"self":[{"href":"https:\/\/www.europesays.com\/pt\/wp-json\/wp\/v2\/posts\/161135","targetHints":{"allow":["GET"]}}],"collection":[{"href":"https:\/\/www.europesays.com\/pt\/wp-json\/wp\/v2\/posts"}],"about":[{"href":"https:\/\/www.europesays.com\/pt\/wp-json\/wp\/v2\/types\/post"}],"author":[{"embeddable":true,"href":"https:\/\/www.europesays.com\/pt\/wp-json\/wp\/v2\/users\/2"}],"replies":[{"embeddable":true,"href":"https:\/\/www.europesays.com\/pt\/wp-json\/wp\/v2\/comments?post=161135"}],"version-history":[{"count":0,"href":"https:\/\/www.europesays.com\/pt\/wp-json\/wp\/v2\/posts\/161135\/revisions"}],"wp:featuredmedia":[{"embeddable":true,"href":"https:\/\/www.europesays.com\/pt\/wp-json\/wp\/v2\/media\/161136"}],"wp:attachment":[{"href":"https:\/\/www.europesays.com\/pt\/wp-json\/wp\/v2\/media?parent=161135"}],"wp:term":[{"taxonomy":"category","embeddable":true,"href":"https:\/\/www.europesays.com\/pt\/wp-json\/wp\/v2\/categories?post=161135"},{"taxonomy":"post_tag","embeddable":true,"href":"https:\/\/www.europesays.com\/pt\/wp-json\/wp\/v2\/tags?post=161135"}],"curies":[{"name":"wp","href":"https:\/\/api.w.org\/{rel}","templated":true}]}}