{"id":161137,"date":"2025-11-22T13:13:28","date_gmt":"2025-11-22T13:13:28","guid":{"rendered":"https:\/\/www.europesays.com\/pt\/161137\/"},"modified":"2025-11-22T13:13:28","modified_gmt":"2025-11-22T13:13:28","slug":"sandro-fernandes-acusa-producao-do-secret-story-de-injustica-apos-palpite-de-leandro","status":"publish","type":"post","link":"https:\/\/www.europesays.com\/pt\/161137\/","title":{"rendered":"Sandro Fernandes acusa produ\u00e7\u00e3o do Secret Story de injusti\u00e7a ap\u00f3s palpite de Leandro"},"content":{"rendered":"<p>\u201cO jogo perdeu toda a gra\u00e7a\u201d: Sandro Fernandes acusa produ\u00e7\u00e3o do <a href=\"https:\/\/tvi.iol.pt\/secretstory\" rel=\"nofollow noopener\" target=\"_blank\">Secret Story <\/a>de injusti\u00e7a ap\u00f3s palpite de Leandro, ontem.<\/p>\n<p>Leandro acerta\u2026 mas produ\u00e7\u00e3o n\u00e3o valida o segredo<\/p>\n<p>No Especial do <strong>Secret Story 9<\/strong> desta quinta-feira, 20 de novembro, <strong>Leandro<\/strong> arriscou e disse em voz alta aquilo que muitos na casa j\u00e1 suspeitavam: <strong>Marisa e Pedro Jorge s\u00e3o um casal<\/strong>.<\/p>\n<p>Apesar de o palpite estar correto, a produ\u00e7\u00e3o n\u00e3o o validou. Isto porque, no jogo, ambos possuem <strong>segredos individuais<\/strong> \u2014 <strong>\u201cO meu marido est\u00e1 na casa\u201d<\/strong> (Marisa) e <strong>\u201cA m\u00e3e dos meus filhos est\u00e1 na casa\u201d<\/strong> (Pedro Jorge) \u2014 e n\u00e3o um segredo conjunto.<\/p>\n<p>Por essa raz\u00e3o, a revela\u00e7\u00e3o n\u00e3o foi considerada suficiente para que o concorrente conquistasse o direito de desvendar o segredo.<\/p>\n<p>Sandro Fernandes explode nas redes sociais<\/p>\n<p>Entretanto, quem n\u00e3o gostou nada desta decis\u00e3o foi <strong>Sandro Fernandes<\/strong>, ex-concorrente da mesma edi\u00e7\u00e3o. Indignado, recorreu \u00e0 rede social X para expressar o seu descontentamento.<\/p>\n<p>O comentador foi direto ao ponto:<br \/><strong>\u201cA partir deste momento o jogo perdeu toda a gra\u00e7a\u2026 porque quando se souber a verdade, todos v\u00e3o sentir que foi uma grande filha da putice e que andaram a ser comidos de cebolada e n\u00e3o foi pelo casal\u2026 foram desvendados e essa \u00e9 a verdade! Parab\u00e9ns Leandro\u201d<\/strong>, escreveu.<\/p>\n<p>\u201cO Leandro teve m\u00e9rito\u201d: ex-concorrente acusa produ\u00e7\u00e3o<\/p>\n<p>Al\u00e9m disso, Sandro foi ainda mais longe na cr\u00edtica ao formato, acusando a produ\u00e7\u00e3o de manipular o momento certo para que o segredo seja considerado oficialmente descoberto.<\/p>\n<p>Assim, afirmou:<br \/><strong>\u201cO segredo deles foi descoberto, as suspeitas est\u00e3o certas, o Leandro teve m\u00e9rito, tal como a Marisu e Liliana. Mas a frase n\u00e3o \u00e9 essa, pois os segredos s\u00e3o individuais. O segredo foi feito para ser descoberto quando a voz decidir l\u00e1 colocar as pistas expl\u00edcitas.\u201d<\/strong><\/p>\n<p><a href=\"https:\/\/news.google.com\/publications\/CAAqBwgKMKfIoAswtNK4Aw\" target=\"_blank\" rel=\"noopener noreferrer nofollow\"><img loading=\"lazy\" data-lazyloaded=\"1\" width=\"481\" height=\"161\" decoding=\"async\" src=\"\/wp-content\/uploads\/2024\/02\/GN_siganos.png\" alt=\"Siga-nos no Google News\" style=\"margin-top:20px;\"\/><\/a><\/p>\n","protected":false},"excerpt":{"rendered":"\u201cO jogo perdeu toda a gra\u00e7a\u201d: Sandro Fernandes acusa produ\u00e7\u00e3o do Secret Story de injusti\u00e7a ap\u00f3s palpite de&hellip;\n","protected":false},"author":2,"featured_media":161138,"comment_status":"","ping_status":"","sticky":false,"template":"","format":"standard","meta":{"footnotes":""},"categories":[142],"tags":[2632,114,115,32,33,19164,151],"class_list":{"0":"post-161137","1":"post","2":"type-post","3":"status-publish","4":"format-standard","5":"has-post-thumbnail","7":"category-tv","8":"tag-casa-dos-segredos","9":"tag-entertainment","10":"tag-entretenimento","11":"tag-portugal","12":"tag-pt","13":"tag-sandro-fernandes","14":"tag-tv"},"share_on_mastodon":{"url":"https:\/\/pubeurope.com\/@pt\/115593531158379035","error":""},"_links":{"self":[{"href":"https:\/\/www.europesays.com\/pt\/wp-json\/wp\/v2\/posts\/161137","targetHints":{"allow":["GET"]}}],"collection":[{"href":"https:\/\/www.europesays.com\/pt\/wp-json\/wp\/v2\/posts"}],"about":[{"href":"https:\/\/www.europesays.com\/pt\/wp-json\/wp\/v2\/types\/post"}],"author":[{"embeddable":true,"href":"https:\/\/www.europesays.com\/pt\/wp-json\/wp\/v2\/users\/2"}],"replies":[{"embeddable":true,"href":"https:\/\/www.europesays.com\/pt\/wp-json\/wp\/v2\/comments?post=161137"}],"version-history":[{"count":0,"href":"https:\/\/www.europesays.com\/pt\/wp-json\/wp\/v2\/posts\/161137\/revisions"}],"wp:featuredmedia":[{"embeddable":true,"href":"https:\/\/www.europesays.com\/pt\/wp-json\/wp\/v2\/media\/161138"}],"wp:attachment":[{"href":"https:\/\/www.europesays.com\/pt\/wp-json\/wp\/v2\/media?parent=161137"}],"wp:term":[{"taxonomy":"category","embeddable":true,"href":"https:\/\/www.europesays.com\/pt\/wp-json\/wp\/v2\/categories?post=161137"},{"taxonomy":"post_tag","embeddable":true,"href":"https:\/\/www.europesays.com\/pt\/wp-json\/wp\/v2\/tags?post=161137"}],"curies":[{"name":"wp","href":"https:\/\/api.w.org\/{rel}","templated":true}]}}